{"id":552096,"date":"2025-11-22T21:37:19","date_gmt":"2025-11-22T21:37:19","guid":{"rendered":"https:\/\/www.europesays.com\/fr\/552096\/"},"modified":"2025-11-22T21:37:19","modified_gmt":"2025-11-22T21:37:19","slug":"en-direct-rugby-france-australie-les-bleus-toujours-accroches-suivez-le-test-match","status":"publish","type":"post","link":"https:\/\/www.europesays.com\/fr\/552096\/","title":{"rendered":"En direct Rugby. France &#8211; Australie : les Bleus toujours accroch\u00e9s, suivez le test-match"},"content":{"rendered":"<p>Face aux Bleus, voici le dernier XV de d\u00e9part australien de l&rsquo;ann\u00e9e 2025.\u00a0<\/p>\n<p>15. Max Jorgensen\u00a0;\u00a014. Harry Potter, 13. Joseph Aukuso Suaalii, 12. Len Ikitau, 11. Dylan Pietsch \u00a0; 10. Tane Edmed, 9. Jake Gordon ; 8. Harry Wilson (cap), 7. Fraser McReight, 6. Tom Hooper ; 5. Nick Frost, 4. Jeremy Williams\u00a0; 3. Taniela Tupou, 2. Matt Faessler, 1. Angus Bell<\/p>\n<p>D&rsquo;abord annonc\u00e9s titulaires, le talonneur Billy Pollard et le demi d&rsquo;ouverture Carter Gordon sont finalement forfaits, remplac\u00e9s par Matt Faessler et\u00a0Tane Edmed. Hamish Stewart et Josh Nasser prendront place sur le banc.\u00a0<\/p>\n<p>Ce contenu est bloqu\u00e9 car vous n&rsquo;avez pas accept\u00e9 les cookies et autres traceurs.<\/p>\n<p>En cliquant sur \u00ab J\u2019accepte \u00bb, les cookies et autres traceurs seront d\u00e9pos\u00e9s et vous pourrez visualiser les contenus  (<a href=\"\" class=\"consentModule_policy\" target=\"_blank\" title=\"Consulter la politique de protection des donn\u00e9es du fournisseur\">plus d&rsquo;informations<\/a>).<\/p>\n<p>En cliquant sur \u00ab J\u2019accepte tous les cookies \u00bb, vous autorisez des d\u00e9p\u00f4ts de cookies et autres traceurs pour le stockage de vos donn\u00e9es sur nos sites et applications \u00e0 des fins de personnalisation et de ciblage publicitaire.<\/p>\n<p class=\"consentModule_secondaryText\">Vous gardez la possibilit\u00e9 de retirer votre consentement \u00e0 tout moment en consultant notre <a href=\"https:\/\/www.ledauphine.com\/protection-des-donnees\" target=\"_blank\" title=\"Consulter notre politique de protection des donn\u00e9es\" rel=\"nofollow noopener\">politique de protection des donn\u00e9es<\/a>. <br \/>&#13;<br \/>\n            <a href=\"https:\/\/www.ledauphine.com\/sport\/2025\/11\/22\/javascript:Didomi.notice.show()\" class=\"consentModule_cmp\" rel=\"nofollow noopener\" target=\"_blank\">G\u00e9rer mes choix<\/a>&#13;\n        <\/p>\n<p>&#13;<br \/>\n                        J&rsquo;accepte&#13;<br \/>\n            J&rsquo;accepte tous les cookies&#13;\n        <\/p>\n","protected":false},"excerpt":{"rendered":"Face aux Bleus, voici le dernier XV de d\u00e9part australien de l&rsquo;ann\u00e9e 2025.\u00a0 15. Max Jorgensen\u00a0;\u00a014. Harry Potter,&hellip;\n","protected":false},"author":2,"featured_media":552097,"comment_status":"","ping_status":"","sticky":false,"template":"","format":"standard","meta":{"footnotes":""},"categories":[9],"tags":[107,1701,1011,27,329,479,517,1947,60,513],"class_list":{"0":"post-552096","1":"post","2":"type-post","3":"status-publish","4":"format-standard","5":"has-post-thumbnail","7":"category-sports","8":"tag-fil-info","9":"tag-fil-info-sport","10":"tag-fr","11":"tag-france","12":"tag-france-monde","13":"tag-rugby","14":"tag-sport","15":"tag-sport-national","16":"tag-sports","17":"tag-xv-de-france"},"share_on_mastodon":{"url":"https:\/\/pubeurope.com\/@fr\/115595512768030728","error":""},"_links":{"self":[{"href":"https:\/\/www.europesays.com\/fr\/wp-json\/wp\/v2\/posts\/552096","targetHints":{"allow":["GET"]}}],"collection":[{"href":"https:\/\/www.europesays.com\/fr\/wp-json\/wp\/v2\/posts"}],"about":[{"href":"https:\/\/www.europesays.com\/fr\/wp-json\/wp\/v2\/types\/post"}],"author":[{"embeddable":true,"href":"https:\/\/www.europesays.com\/fr\/wp-json\/wp\/v2\/users\/2"}],"replies":[{"embeddable":true,"href":"https:\/\/www.europesays.com\/fr\/wp-json\/wp\/v2\/comments?post=552096"}],"version-history":[{"count":0,"href":"https:\/\/www.europesays.com\/fr\/wp-json\/wp\/v2\/posts\/552096\/revisions"}],"wp:featuredmedia":[{"embeddable":true,"href":"https:\/\/www.europesays.com\/fr\/wp-json\/wp\/v2\/media\/552097"}],"wp:attachment":[{"href":"https:\/\/www.europesays.com\/fr\/wp-json\/wp\/v2\/media?parent=552096"}],"wp:term":[{"taxonomy":"category","embeddable":true,"href":"https:\/\/www.europesays.com\/fr\/wp-json\/wp\/v2\/categories?post=552096"},{"taxonomy":"post_tag","embeddable":true,"href":"https:\/\/www.europesays.com\/fr\/wp-json\/wp\/v2\/tags?post=552096"}],"curies":[{"name":"wp","href":"https:\/\/api.w.org\/{rel}","templated":true}]}}