{"id":552098,"date":"2025-11-22T21:38:14","date_gmt":"2025-11-22T21:38:14","guid":{"rendered":"https:\/\/www.europesays.com\/fr\/552098\/"},"modified":"2025-11-22T21:38:14","modified_gmt":"2025-11-22T21:38:14","slug":"avant-de-mourir-muriel-robin-fait-detonnantes-confidences-sur-sa-vie-avec-anne-le-nen-et-sur-ce-quelle-sempeche-de-faire","status":"publish","type":"post","link":"https:\/\/www.europesays.com\/fr\/552098\/","title":{"rendered":"\u00ab\u00a0Avant de mourir\u2026\u00a0\u00bb : Muriel Robin fait d\u2019\u00e9tonnantes confidences sur sa vie avec Anne Le Nen et sur ce qu\u2019elle s\u2019emp\u00eache de faire"},"content":{"rendered":"<p>Invit\u00e9e d\u2019On refait la t\u00e9l\u00e9 sur RTL ce samedi 22<br \/>\nnovembre, Muriel Robin s\u2019est livr\u00e9e comme <strong>rarement<\/strong><br \/>\nsur <a href=\"https:\/\/www.closermag.fr\/people\/muriel-robin-qui-est-vraiment-anne-le-nen-sa-compagne-omnipresente-3536800\" rel=\"nofollow noopener\" target=\"_blank\"><br \/>\nson couple avec Anne Le Nen<\/a> avec qui elle partage sa vie depuis<br \/>\n<strong>20 ans<\/strong> et qu\u2019elle retrouve aussi devant les<br \/>\ncam\u00e9ras dans Master Crimes sur TF1. Alors que la s\u00e9rie<br \/>\npr\u00e9pare d\u00e9j\u00e0 sa quatri\u00e8me saison, l\u2019humoriste de 70 ans a expliqu\u00e9<br \/>\npourquoi elle <strong>refuse<\/strong> d\u00e9sormais l\u2019id\u00e9e m\u00eame de<br \/>\n<strong>repartir en tourn\u00e9e.<\/strong> Un choix intimement li\u00e9 \u00e0 sa<br \/>\nvie priv\u00e9e.<\/p>\n<p>Avec beaucoup de <strong>sinc\u00e9rit\u00e9<\/strong>, Muriel Robin a<br \/>\n\u00e9voqu\u00e9 la <strong>solidit\u00e9<\/strong> de son couple ainsi que ses<br \/>\n<strong>craintes<\/strong> li\u00e9es au temps qui passe. Si le duo<br \/>\nappara\u00eet aujourd\u2019hui <strong>harmonieux<\/strong>, elle reconna\u00eet<br \/>\nn\u00e9anmoins \u2018\u2018<strong>quelques engueulades au<br \/>\nd\u00e9but<\/strong>\u2019\u2019 avant que leur fonctionnement se stabilise<br \/>\nautour d\u2019une relation \u2018\u2018<strong>fusionnelle<\/strong>.\u2019\u2019<br \/>\nMais derri\u00e8re cette <strong>entente parfaite<\/strong> se cache une<br \/>\n<strong>peur plus profonde<\/strong> qui influence tous ses choix<br \/>\nprofessionnels.<\/p>\n<p>Un couple fusionnel qui travaille ensemble\u2026 sans \u00e9clats<\/p>\n<p>Au micro d\u2019\u00c9ric Dussart, Muriel Robin a d\u2019abord tenu \u00e0 balayer<br \/>\nune id\u00e9e re\u00e7ue. <strong>Jouer avec sa compagne<\/strong> ne cr\u00e9e<br \/>\n<strong>aucune tension<\/strong> majeure. \u2018\u2018On <strong>ne<br \/>\ns\u2019engueule jamais,<\/strong> nous. Jamais.\u2019\u2019 assure-t-elle,<br \/>\nm\u00eame si elle admet avoir parfois<br \/>\n\u2018\u2018<strong>merd\u00e9<\/strong>\u2019\u2019 \u00e0 leurs d\u00e9buts, ce qui<br \/>\nprovoquait des <strong>frictions<\/strong>. Pour elle, chaque couple<br \/>\na sa fa\u00e7on de fonctionner. Et le leur repose sur une<br \/>\n<strong>connexion<\/strong> tr\u00e8s forte, totalement assum\u00e9e.<\/p>\n<p>Une dynamique qui n\u2019a <strong>jamais fragilis\u00e9<\/strong> leur vie<br \/>\ncommune et qui au contraire semble <strong>renforcer leur<br \/>\ncomplicit\u00e9,<\/strong> y compris sur les plateaux de tournage. Mais<br \/>\ncette proximit\u00e9 n\u2019emp\u00eache pas <a href=\"https:\/\/www.closermag.fr\/people\/je-ne-supportais-pas-de-son-propre-aveu-anne-le-nen-etait-homophobe-avant-son-coming-out-3553373\" rel=\"nofollow noopener\" target=\"_blank\"><br \/>\nMuriel Robin, \u2018homophobe\u2019 avant de rencontrer sa compagne<\/a>,<br \/>\nd\u2019avoir des <strong>inqui\u00e9tudes<\/strong>, notamment face \u00e0<br \/>\n<strong>l\u2019incertitude<\/strong> de l\u2019avenir. Une<br \/>\n<strong>angoisse<\/strong> intime qui a de r\u00e9elles<br \/>\n<strong>cons\u00e9quences<\/strong> sur ses choix artistiques.<\/p>\n<p>\u201cLa seule chose avant de<br \/>\nmourir\u2026\u201d : Muriel Robin se confie<\/p>\n<p>C\u2019est en \u00e9voquant la possibilit\u00e9 d\u2019une <strong>nouvelle<br \/>\ntourn\u00e9e<\/strong> que <a href=\"https:\/\/www.closermag.fr\/people\/muriel-robin-il-voyait-pas-que-javais-12-ans-le-recit-choc-de-son-premier-contact-avec-lalcool-3544526\" rel=\"nofollow noopener\" target=\"_blank\"><br \/>\nMuriel Robin a fait une r\u00e9v\u00e9lation bouleversante<\/a>. Elle confie<br \/>\nqu\u2019elle redoute d\u2019\u00eatre <strong>\u00e9loign\u00e9e<\/strong> trop longtemps<br \/>\nd\u2019Anne Le Nen. \u2018\u2018Le <strong>temps passant,<\/strong> parce qu\u2019on<br \/>\nne sait <strong>pas ce qui peut arriver demain<\/strong>, je ne<br \/>\nvoudrais pas \u00eatre <strong>embarqu\u00e9e<\/strong> sur quelque chose qui<br \/>\n<strong>m\u2019\u00e9loigne longtemps d\u2019Anne<\/strong>.\u2019\u2019<br \/>\nexplique-t-elle. \u2018\u2018Qu\u2019il m\u2019arrive quelque chose et de me dire,<br \/>\npar exemple : \u2018Ces <strong>deux derni\u00e8res semaines je n\u2019ai pas vu<br \/>\nAnne<\/strong>. La <strong>seule chose avant de mourir<\/strong>,<br \/>\nc\u2019est que <strong>j\u2019aurais voulu voir<br \/>\nAnne<\/strong>&lsquo;.\u2019\u2019<\/p>\n<p>Lorsque l\u2019animateur lui demande si cette <strong>peur<\/strong><br \/>\npourrait la <strong>dissuader de remonter sur sc\u00e8ne<\/strong>, elle<br \/>\nr\u00e9pond sans d\u00e9tour. \u2018\u2018Ah ouais, je ne <strong>veux pas<br \/>\n\u00e7a.<\/strong> Non.\u2019\u2019 Pour elle, rien ne vaut sa<br \/>\n<strong>pr\u00e9sence<\/strong> aupr\u00e8s de celle qu\u2019elle appelle<br \/>\n\u2018\u2018<strong>ce qu\u2019il y a de plus important dans ma<br \/>\nvie.<\/strong>\u2019\u2019 Si Anne Le Nen ne peut l\u2019accompagner partout<br \/>\nen raison de ses <strong>propres projets,<\/strong> Muriel Robin<br \/>\npr\u00e9f\u00e8re <strong>renoncer<\/strong>. Une preuve <strong>d\u2019amour<br \/>\nimmense<\/strong> mais aussi une <strong>d\u00e9cision lourde<\/strong><br \/>\npour sa carri\u00e8re.<\/p>\n","protected":false},"excerpt":{"rendered":"Invit\u00e9e d\u2019On refait la t\u00e9l\u00e9 sur RTL ce samedi 22 novembre, Muriel Robin s\u2019est livr\u00e9e comme rarement sur&hellip;\n","protected":false},"author":2,"featured_media":552099,"comment_status":"","ping_status":"","sticky":false,"template":"","format":"standard","meta":{"footnotes":""},"categories":[8],"tags":[21306,58,59,1011,27,11764],"class_list":{"0":"post-552098","1":"post","2":"type-post","3":"status-publish","4":"format-standard","5":"has-post-thumbnail","7":"category-divertissement","8":"tag-anne-le-nen","9":"tag-divertissement","10":"tag-entertainment","11":"tag-fr","12":"tag-france","13":"tag-muriel-robin"},"share_on_mastodon":{"url":"https:\/\/pubeurope.com\/@fr\/115595516584340853","error":""},"_links":{"self":[{"href":"https:\/\/www.europesays.com\/fr\/wp-json\/wp\/v2\/posts\/552098","targetHints":{"allow":["GET"]}}],"collection":[{"href":"https:\/\/www.europesays.com\/fr\/wp-json\/wp\/v2\/posts"}],"about":[{"href":"https:\/\/www.europesays.com\/fr\/wp-json\/wp\/v2\/types\/post"}],"author":[{"embeddable":true,"href":"https:\/\/www.europesays.com\/fr\/wp-json\/wp\/v2\/users\/2"}],"replies":[{"embeddable":true,"href":"https:\/\/www.europesays.com\/fr\/wp-json\/wp\/v2\/comments?post=552098"}],"version-history":[{"count":0,"href":"https:\/\/www.europesays.com\/fr\/wp-json\/wp\/v2\/posts\/552098\/revisions"}],"wp:featuredmedia":[{"embeddable":true,"href":"https:\/\/www.europesays.com\/fr\/wp-json\/wp\/v2\/media\/552099"}],"wp:attachment":[{"href":"https:\/\/www.europesays.com\/fr\/wp-json\/wp\/v2\/media?parent=552098"}],"wp:term":[{"taxonomy":"category","embeddable":true,"href":"https:\/\/www.europesays.com\/fr\/wp-json\/wp\/v2\/categories?post=552098"},{"taxonomy":"post_tag","embeddable":true,"href":"https:\/\/www.europesays.com\/fr\/wp-json\/wp\/v2\/tags?post=552098"}],"curies":[{"name":"wp","href":"https:\/\/api.w.org\/{rel}","templated":true}]}}