{"id":552112,"date":"2025-11-22T21:46:20","date_gmt":"2025-11-22T21:46:20","guid":{"rendered":"https:\/\/www.europesays.com\/fr\/552112\/"},"modified":"2025-11-22T21:46:20","modified_gmt":"2025-11-22T21:46:20","slug":"saint-etienne-reprend-la-deuxieme-place-au-red-star","status":"publish","type":"post","link":"https:\/\/www.europesays.com\/fr\/552112\/","title":{"rendered":"Saint-\u00c9tienne reprend la deuxi\u00e8me place au Red Star"},"content":{"rendered":"<p>\n    Les Verts ont domin\u00e9 Nancy (2-1) ce samedi lors de la 15e journ\u00e9e.<\/p>\n<p class=\"fig-paragraph\">Saint-\u00c9tienne a battu Nancy (2-1) samedi soir \u00e0 Geoffroy-Guichard et repris la deuxi\u00e8me place du classement au Red Star, tenu en \u00e9chec par Clermont Foot, dans le cadre de la 15e journ\u00e9e de Ligue 2. Irvin Cardona a ouvert la marque pour Saint\u00e9 un peu avant la demi-heure de jeu (27e) et Florian Tardieu a donn\u00e9 un peu d&rsquo;air aux joueurs d&rsquo;Eirik Horneland sur penalty apr\u00e8s la pause (2-0, 51e).<\/p>\n<p class=\"fig-paragraph\">Mais les Verts sont rest\u00e9s sous la pression de Nancy jusqu&rsquo;\u00e0 la fin apr\u00e8s la r\u00e9duction du score de Brandon Bokangu, lui aussi sur penalty, peu avant l&rsquo;heure de jeu (2-1, 58e). Ce neuvi\u00e8me succ\u00e8s de l&rsquo;ASSE lui permet de reprendre la deuxi\u00e8me place (29 points), \u00e0 deux longueurs du leader Troyes (31 pts), et un point devant le Red Star (28 pts). Montpellier, quatri\u00e8me, compte quatre points de retard avant d&rsquo;aller affronter Reims lundi soir dans le dernier match de cette 15e journ\u00e9e.<\/p>\n","protected":false},"excerpt":{"rendered":"Les Verts ont domin\u00e9 Nancy (2-1) ce samedi lors de la 15e journ\u00e9e. Saint-\u00c9tienne a battu Nancy (2-1)&hellip;\n","protected":false},"author":2,"featured_media":552113,"comment_status":"","ping_status":"","sticky":false,"template":"","format":"standard","meta":{"footnotes":""},"categories":[9653],"tags":[1111,11,2430,454,69,448,83,451,64,1777,450,449,674,1011,27,452,453,66,446,447,12,70,25,4001,455],"class_list":{"0":"post-552112","1":"post","2":"type-post","3":"status-publish","4":"format-standard","5":"has-post-thumbnail","7":"category-saint-etienne","8":"tag-actu","9":"tag-actualites","10":"tag-auvergne-rhone-alpes","11":"tag-ballon-dor","12":"tag-bundesliga","13":"tag-champions-league","14":"tag-coupe-de-france","15":"tag-coupe-du-monde","16":"tag-equipe-de-france","17":"tag-eu","18":"tag-euro","19":"tag-europa-league","20":"tag-europe","21":"tag-fr","22":"tag-france","23":"tag-italie","24":"tag-liga","25":"tag-ligue-1","26":"tag-ligue-2","27":"tag-ligue-des-champions","28":"tag-news","29":"tag-premier-league","30":"tag-republique-francaise","31":"tag-saint-etienne","32":"tag-uefa"},"share_on_mastodon":{"url":"https:\/\/pubeurope.com\/@fr\/115595547965714479","error":""},"_links":{"self":[{"href":"https:\/\/www.europesays.com\/fr\/wp-json\/wp\/v2\/posts\/552112","targetHints":{"allow":["GET"]}}],"collection":[{"href":"https:\/\/www.europesays.com\/fr\/wp-json\/wp\/v2\/posts"}],"about":[{"href":"https:\/\/www.europesays.com\/fr\/wp-json\/wp\/v2\/types\/post"}],"author":[{"embeddable":true,"href":"https:\/\/www.europesays.com\/fr\/wp-json\/wp\/v2\/users\/2"}],"replies":[{"embeddable":true,"href":"https:\/\/www.europesays.com\/fr\/wp-json\/wp\/v2\/comments?post=552112"}],"version-history":[{"count":0,"href":"https:\/\/www.europesays.com\/fr\/wp-json\/wp\/v2\/posts\/552112\/revisions"}],"wp:featuredmedia":[{"embeddable":true,"href":"https:\/\/www.europesays.com\/fr\/wp-json\/wp\/v2\/media\/552113"}],"wp:attachment":[{"href":"https:\/\/www.europesays.com\/fr\/wp-json\/wp\/v2\/media?parent=552112"}],"wp:term":[{"taxonomy":"category","embeddable":true,"href":"https:\/\/www.europesays.com\/fr\/wp-json\/wp\/v2\/categories?post=552112"},{"taxonomy":"post_tag","embeddable":true,"href":"https:\/\/www.europesays.com\/fr\/wp-json\/wp\/v2\/tags?post=552112"}],"curies":[{"name":"wp","href":"https:\/\/api.w.org\/{rel}","templated":true}]}}