{"id":552130,"date":"2025-11-22T22:00:30","date_gmt":"2025-11-22T22:00:30","guid":{"rendered":"https:\/\/www.europesays.com\/fr\/552130\/"},"modified":"2025-11-22T22:00:30","modified_gmt":"2025-11-22T22:00:30","slug":"en-ille-et-vilaine-victime-dune-relation-demprise-elle-temoigne","status":"publish","type":"post","link":"https:\/\/www.europesays.com\/fr\/552130\/","title":{"rendered":"en Ille-et-Vilaine, victime d&rsquo;une relation d&#8217;emprise, elle t\u00e9moigne"},"content":{"rendered":"<p>                    Par<br \/>\n        <strong><br \/>\n            <a href=\"https:\/\/actu.fr\/auteur\/celestin-deseguier\" title=\"Consulter tous les articles de Celestin de S\u00e9guier\" target=\"_blank\" rel=\"noopener\">Celestin de S\u00e9guier<\/a><br \/>\n                    <\/strong><\/p>\n<p>        Publi\u00e9 le<\/p>\n<p>            22 nov. 2025 \u00e0 17h00        <\/p>\n<p>\u00ab Surtout, je ne veux \u00eatre reconnue par personne \u00bb, insiste Lise (son pr\u00e9nom a \u00e9t\u00e9 modifi\u00e9), en s\u2019installant dans un caf\u00e9 du pays de <a href=\"https:\/\/actu.fr\/bretagne\/fougeres_35115\" target=\"_blank\" rel=\"noopener\">Foug\u00e8res<\/a> <b>(Ille-et-Vilaine)<\/b>. Originaire de Rennes, celle qui \u00e0 la cinquantaine travaille \u00ab dans le soin \u00bb, a pris contact d\u2019elle-m\u00eame avec La Chronique R\u00e9publicaine. \u00ab Cela fait partie de <b>mon parcours de reconstruction<\/b>, j\u2019ai besoin de livrer mon t\u00e9moignage pour aider les autres. \u00bb<\/p>\n<p>\u00ab Tout se passait bien \u00bb<\/p>\n<p class=\" wall-content\">En couple pendant quatre ans avec un homme rencontr\u00e9 dans une soir\u00e9e entre amis, Lise raconte l\u2019\u00e9volution de cette relation vers ce qu\u2019elle qualifie aujourd\u2019hui d\u2019emprise. \u00ab Nous vivions le parfait amour, romantique. <b>Nous ne vivions pas ensemble<\/b> mais on se voyait beaucoup en dormant l\u2019un chez l\u2019autre et en partageant du bon temps et des voyages le week-end \u00bb, se souvient-elle. \u00ab\u00a0Tout se passait bien \u00bb, jusqu\u2019\u00e0 ce jour de l\u2019hiver dernier o\u00f9 tout a bascul\u00e9.<\/p>\n<p class=\" wall-content\">En se r\u00e9veillant elle trouve dans son t\u00e9l\u00e9phone un SMS de son compagnon lui demandant : \u00ab Il faut qu\u2019on se parle, c\u2019est urgent. \u00bb Lise ne s\u2019inqui\u00e8te pas outre mesure et lui demande d\u2019attendre le soir. S\u2019ensuit <b>une rupture brutale et sans explication<\/b>.<\/p>\n<blockquote class=\"ac-article-quote wall-content\">\n<p>Il est venu me voir et en, cinq minutes chrono m\u2019explique que notre relation est termin\u00e9e et il est reparti en sifflotant.<\/p>\n<p>Lise, victime de violences conjugales<\/p><\/blockquote>\n<p>Une relation d\u2019emprise<\/p>\n<p class=\" wall-content\">Dans les heures qui suivent cette rupture, <b>Lise est hospitalis\u00e9e en \u00e9tat de dissociation traumatique<\/b>, un m\u00e9canisme neurobiologique de sauvegarde, mis en place par le cerveau de la victime pour survivre \u00e0 un stress extr\u00eame. \u00c0 l\u2019h\u00f4pital, le personnel soignant constatant la gravit\u00e9 de son \u00e9tat, elle est orient\u00e9e vers des structures sp\u00e9cialis\u00e9es \u00e0 Rennes, dont la maison des femmes Gis\u00e8le Halimi.<\/p>\n<p class=\" wall-content\">Ce n\u2019est que lors de sa prise en charge que Lise va ouvrir les yeux sur la relation dont elle vient de sortir. \u00ab Je me suis rendu compte que l\u2019homme avec lequel je sortais et que j\u2019aimais n\u2019\u00e9tait <b>pas celui que je pensais conna\u00eetre<\/b>. \u00bb<\/p>\n<p class=\" wall-content\">Questionn\u00e9e par des psychiatres, on lui explique qu\u2019elle est victime de violences psychologiques et d\u2019abus narcissiques, un v\u00e9ritable choc. \u00ab J\u2019\u00e9tais<b> dans le d\u00e9ni<\/b>, pour moi, on vivait une relation idyllique. \u00bb<\/p>\n<p>\u00ab Je ne savais pas que j\u2019\u00e9tais victime \u00bb<\/p>\n<p class=\" wall-content\">Au fil de sa th\u00e9rapie, Lise se souvient des silences oppressants, des paroles blessantes, des propos d\u00e9nigrants, des crises de col\u00e8res. \u00ab L\u2019emprise est <b>un rapport de pouvoir et de domination<\/b> subtil et insidieux qui utilise comme principal outil la manipulation\u2026 Je n\u2019ai rien vu venir et \u00e7a jusqu\u2019au bout. Je ne savais pas que j\u2019\u00e9tais victime de violences. J\u2019avais bien cette petite voix qui parfois me disait \u00ab \u00e7a, ce n\u2019est pas normal \u00bb, mais je balayais vite ces choses. Je lui ai tout donn\u00e9 et je me suis progressivement \u00e9teinte.\u00a0\u00bb<\/p>\n<p>Votre r\u00e9gion, votre actu !<\/p>\n<p>Recevez chaque jour les infos qui comptent pour vous.<\/p>\n<p>\t<a href=\"https:\/\/actu.fr\/newsletter\" class=\"ac-btn ac-btn--corner ac-btn--medium ac-btn--blue800\" target=\"_blank\" rel=\"noopener\">S&rsquo;incrire<\/a><br \/>\nCycle vicieux<\/p>\n<p class=\" wall-content\">Lise d\u00e9crit ses sympt\u00f4mes : \u00ab Les derniers mois, je ne me reconnaissais plus. Je marchais sur des \u0153ufs osant de moins en moins m\u2019exprimer sous peine de d\u00e9clencher une r\u00e9action vive, un \u00e9clat de fureur, j\u2019\u00e9tais un peu sa chose. \u00bb<\/p>\n<p class=\" wall-content\">Un <b>cycle vicieux<\/b>, typique de ce genre de relations : \u00ab La lune de miel, le d\u00e9but de la peur, l\u2019agression puis la culpabilisation. Tout revient en boucle encore et encore, jusqu\u2019\u00e0 ce qu\u2019il me jette dehors comme sa chose. \u00bb<\/p>\n<p class=\" wall-content\">Sa rupture \u00e9tait il y a sept mois, mais elle le reconna\u00eet : \u00ab Une relation d\u2019emprise ne s\u2019arr\u00eate pas avec la relation. \u00bb Lise souffre aujourd\u2019hui d\u2019<b>un \u00e9tat de stress post-traumatique<\/b> : crises d\u2019angoisse quotidiennes, troubles du sommeil, de l\u2019alimentation, troubles cognitifs.<\/p>\n<p>\u00ab Il a broy\u00e9 une table \u00bb<\/p>\n<p class=\" wall-content\">\u00ab Un jour,<b> il a broy\u00e9 une table<\/b> devant moi tout en m\u2019insultant et il m\u2019a <b>mise \u00e0 la porte \u00e0 plusieurs reprises<\/b>. \u00bb \u00c0 chaque fois, m\u00eame sc\u00e9nario : la col\u00e8re du compagnon monte, elle explose, Lise s\u2019enfuit ou est choqu\u00e9e mais est rattrap\u00e9e par son compagnon qui se confond en excuses puis rejette la faute sur son comportement \u00e0 elle.<\/p>\n<blockquote class=\"ac-article-quote wall-content\">\n<p>\u00c0 chaque fois que j\u2019essayais de revenir sur ce type de disputes il se passait la m\u00eame chose, il me disait qu\u2019il fallait bien me secouer de temps en temps et que c\u2019\u00e9tait de ma faute.<\/p>\n<p>Lise, victime de violences conjugales<\/p><\/blockquote>\n<p>Un rapport de domination<\/p>\n<p class=\" wall-content\">Selon Lise, l\u2019emprise se caract\u00e9rise par \u00ab une relation qui est avant tout<b> un rapport de pouvoir et de domination<\/b> de l\u2019un sur l\u2019autre qui rend la s\u00e9paration inenvisageable pour celle qui est domin\u00e9. \u00bb Progressivement, elle explique avoir commenc\u00e9 \u00e0 essayer de poser des limites \u00e0 son ancien compagnon. \u00ab C\u2019est l\u00e0 que je suis devenue inint\u00e9ressante \u00bb, analyse celle qui travaille \u00e0 Rennes.<\/p>\n<p class=\" wall-content\">Pour elle, l\u2019attitude de son ex-compagnon, dont elle est aujourd\u2019hui prot\u00e9g\u00e9e, est un dysfonctionnement. \u00ab\u00a0C\u2019est une forme de relation qu\u2019il entretient avec tout le monde, c\u2019est <b>un grand manipulateur<\/b> aussi bien dans sa vie priv\u00e9e que professionnelle. Il faut toujours qu\u2019il arrive \u00e0 ses fins, peu importe la souffrance inflig\u00e9e aux autres. \u00bb<\/p>\n<p>\u00ab Parlez-en \u00bb<\/p>\n<p class=\" wall-content\">Pour Lise, une chose est s\u00fbre : \u00ab <b>Ce n\u2019est plus possible de banaliser <\/b>ce que vivent des milliers de femmes. \u00bb Elle lance un appel : \u00ab Si vous n\u2019\u00eates pas bien dans votre relation, que vous sentez un brouillard mental, que tout peut d\u00e9railler dans la violence d\u2019un moment \u00e0 l\u2019autre, parlez en autour de vous, faites-vous aider. \u00bb<\/p>\n<p>Vous pensez \u00eatre victime ? N\u2019attendez pas. Appelez le 3919, num\u00e9ro d\u2019\u00e9coute national, ou la ligne d\u2019\u00e9coute d\u00e9partementale :<b> <\/b>02 99 54 44 88. En cas d\u2019urgence, appelez le 17.Pour les hommes auteurs de violences, il existe une permanence ouverte du lundi au samedi, de 10 h \u00e0 16 h au 08 019 019 11.\u00a0<\/p>\n<p class=\" wall-content\">Personnalisez votre actualit\u00e9 en ajoutant vos villes et m\u00e9dias en favori avec <a href=\"https:\/\/moncompte.actu.fr\" title=\"D\u00e9couvez Mon Actu\" rel=\"nofollow noopener\" data-trk=\"{&quot;cta&quot;:{&quot;action&quot;:&quot;https:\\\/\\\/moncompte.actu.fr&quot;,&quot;category&quot;:&quot;mon compte&quot;,&quot;from&quot;:&quot;article footer&quot;,&quot;name&quot;:&quot;Mon actu&quot;,&quot;type&quot;:&quot;cta&quot;}}\" target=\"_blank\">Mon Actu<\/a>.<\/p>\n","protected":false},"excerpt":{"rendered":"Par Celestin de S\u00e9guier Publi\u00e9 le 22 nov. 2025 \u00e0 17h00 \u00ab Surtout, je ne veux \u00eatre reconnue&hellip;\n","protected":false},"author":2,"featured_media":552131,"comment_status":"","ping_status":"","sticky":false,"template":"","format":"standard","meta":{"footnotes":""},"categories":[2821],"tags":[1111,11,829,1777,674,1011,27,12,584,25,104,798,799],"class_list":{"0":"post-552130","1":"post","2":"type-post","3":"status-publish","4":"format-standard","5":"has-post-thumbnail","7":"category-rennes","8":"tag-actu","9":"tag-actualites","10":"tag-bretagne","11":"tag-eu","12":"tag-europe","13":"tag-fr","14":"tag-france","15":"tag-news","16":"tag-rennes","17":"tag-republique-francaise","18":"tag-societe","19":"tag-violences-conjugales","20":"tag-violences-sexuelles"},"share_on_mastodon":{"url":"https:\/\/pubeurope.com\/@fr\/115595603045492070","error":""},"_links":{"self":[{"href":"https:\/\/www.europesays.com\/fr\/wp-json\/wp\/v2\/posts\/552130","targetHints":{"allow":["GET"]}}],"collection":[{"href":"https:\/\/www.europesays.com\/fr\/wp-json\/wp\/v2\/posts"}],"about":[{"href":"https:\/\/www.europesays.com\/fr\/wp-json\/wp\/v2\/types\/post"}],"author":[{"embeddable":true,"href":"https:\/\/www.europesays.com\/fr\/wp-json\/wp\/v2\/users\/2"}],"replies":[{"embeddable":true,"href":"https:\/\/www.europesays.com\/fr\/wp-json\/wp\/v2\/comments?post=552130"}],"version-history":[{"count":0,"href":"https:\/\/www.europesays.com\/fr\/wp-json\/wp\/v2\/posts\/552130\/revisions"}],"wp:featuredmedia":[{"embeddable":true,"href":"https:\/\/www.europesays.com\/fr\/wp-json\/wp\/v2\/media\/552131"}],"wp:attachment":[{"href":"https:\/\/www.europesays.com\/fr\/wp-json\/wp\/v2\/media?parent=552130"}],"wp:term":[{"taxonomy":"category","embeddable":true,"href":"https:\/\/www.europesays.com\/fr\/wp-json\/wp\/v2\/categories?post=552130"},{"taxonomy":"post_tag","embeddable":true,"href":"https:\/\/www.europesays.com\/fr\/wp-json\/wp\/v2\/tags?post=552130"}],"curies":[{"name":"wp","href":"https:\/\/api.w.org\/{rel}","templated":true}]}}