{"id":552132,"date":"2025-11-22T22:02:15","date_gmt":"2025-11-22T22:02:15","guid":{"rendered":"https:\/\/www.europesays.com\/fr\/552132\/"},"modified":"2025-11-22T22:02:15","modified_gmt":"2025-11-22T22:02:15","slug":"rennes-surclasse-monaco-et-gache-le-retour-de-pogba","status":"publish","type":"post","link":"https:\/\/www.europesays.com\/fr\/552132\/","title":{"rendered":"Rennes surclasse Monaco et g\u00e2che le retour de Pogba"},"content":{"rendered":"<p><strong>Rennes\u00a0&#8211; Monaco\u00a0: 4-1<\/strong><\/p>\n<p>Face \u00e0 un Monaco assez apathique, mais o\u00f9 Paul Pogba a enfin rejou\u00e9, Rennes a encha\u00een\u00e9 une troisi\u00e8me victoire de rang (4-1) qui le propulse provisoirement dans le wagon europ\u00e9en, samedi 22\u00a0novembre, pour le compte de la 13e journ\u00e9e de Ligue\u00a01.<\/p>\n<p>Avec 21 points, les Rennais grimpent \u00e0 la 5e place du classement, d\u00e9passant au passage leurs visiteurs du soir qui chutent au 8e rang, qu\u2019occupaient les Rouge et Noir. Il y a trois journ\u00e9es seulement, les sudistes comptaient huit points d\u2019avance sur les Bretons, mais le changement d\u2019entra\u00eeneur de mi-octobre semble avoir d\u00e9finitivement fait long feu.<\/p>\n<p>Alors qu\u2019une certaine excitation r\u00e9gnait autour de ce match, en raison du possible retour \u00e0 la comp\u00e9tition de Paul Pogba, qui a finalement eu lieu alors que le match n\u2019avait plus aucun enjeu (85e), Monaco a affich\u00e9 un visage amorphe. Il n\u2019a pas fallu un tr\u00e8s grand Rennes pour le surclasser. Les hommes d\u2019Habib Beye ont d\u00e9montr\u00e9 que la tr\u00eave internationale n\u2019a pas entam\u00e9 leur belle dynamique et que les tr\u00e8s nets progr\u00e8s observ\u00e9s depuis la victoire face \u00e0 Strasbourg (4-1, le 2\u00a0novembre 2025) sont l\u00e0 pour durer.<\/p>\n<p>Le d\u00e9but de match a pourtant \u00e9t\u00e9 globalement favorable aux visiteurs mais leurs tergiversations, voire leur indolence, face au but, a ruin\u00e9 les bonnes situations qu\u2019une d\u00e9fense rennaise pas encore en place leur a laiss\u00e9es. Proprement servi par Ansu Fati, le Mon\u00e9gasque Kassoum Ouattara a privil\u00e9gi\u00e9 le jeu collectif, au d\u00e9triment d\u2019une frappe qui aurait pu trouver le chemin des filets (14e).<\/p>\n<p>La grinta rennaise<\/p>\n<p>Du g\u00e2chis est \u00e9galement \u00e0 noter chez Fati, comme cette frappe molle depuis l\u2019entr\u00e9e de la surface de r\u00e9paration, tranquillement capt\u00e9e par Brice Samba (17e) ou un tir au-dessus de la barre transversale, depuis le point de penalty, sur un caviar de Maghnes Akliouche (32e).<\/p>\n<p>Entre-temps, les Rouge et Noir ont ouvert le score\u00a0: sur un ballon parti des bras de Samba, le d\u00e9fenseur central droit Abdelhamid A\u00eft Boudlal a impuls\u00e9 une mont\u00e9e de balle tonitruante, poursuivant son effort jusqu\u2019aux six m\u00e8tres adverses pour reprendre de la cuisse un centre de Mahdi Camara dans la lucarne de Lukas Hradecky (1-0, 20e).<\/p>\n<p>Le contraste avec la combativit\u00e9 affich\u00e9e par Rennes pour d\u00e9fendre son but et r\u00e9cup\u00e9rer le ballon n\u2019a \u00e9t\u00e9 rendu que plus criant encore par cette premi\u00e8re r\u00e9alisation. Sans une belle manchette du gardien international finlandais, face \u00e0 Camara, Rennes aurait m\u00eame pu faire le break avant la pause (41e).<\/p>\n<p>Le premier acte s\u2019est conclu sur un nouveau rat\u00e9 spectaculaire c\u00f4t\u00e9 mon\u00e9gasque\u00a0: Akliouche, seul au deuxi\u00e8me poteau \u00e0 la r\u00e9ception d\u2019une d\u00e9viation sur corner, a envoy\u00e9 le ballon bien au-dessus du cadre (45e +\u00a02).<\/p>\n<p>Double ovation pour Pogba<\/p>\n<p>Au retour des vestiaires, les Mon\u00e9gasques ont montr\u00e9 un tout autre visage. Sans aucune pression d\u00e9fensive, Musa Al-Taamari a pu frapper des 16 m\u00e8tres, et si Hradecky a r\u00e9ussi \u00e0 d\u00e9tourner, c\u2019\u00e9tait pour voir Camara ajouter de la t\u00eate le deuxi\u00e8me but rennais (2-0, 48e).<\/p>\n<p>Dans une seconde p\u00e9riode presque \u00e0 sens unique, d\u2019autant que Denis Zakaria a \u00e9t\u00e9 exclu \u00e0 la 65e, l\u2019ancien de la maison mon\u00e9gasque, Breel Embolo, y est aussi all\u00e9 de son but, de la t\u00eate sur un corner \u00e0 la r\u00e9moise (3-0, 73e). Et Ludovic Blas a transform\u00e9 en force un penalty provoqu\u00e9 par Camara, inscrivant ainsi la quatri\u00e8me r\u00e9alisation rennaise (4-0, 83e).<\/p>\n<p>Dans les arr\u00eats de jeu, Mika Biereth a permis \u00e0 l\u2019ASM de sauver l\u2019honneur (4-1, 90e+\u00a05). Bon prince, le Roazhon Park a tout de m\u00eame ovationn\u00e9 Paul Pogba \u00e0 son entr\u00e9e \u00e0 la 85e minute et apr\u00e8s le coup de sifflet final. Maigre consolation pour un Monaco en perdition avant son match capital en Ligue des champions contre Paphos, mercredi 26\u00a0novembre.<\/p>\n<p><strong>Mi-temps\u00a0:<\/strong> 1-0.<br \/><strong>Arbitre\u00a0:<\/strong> M.\u00a0Ben El Hadj.<br \/><strong>Buts\u00a0:<\/strong> pour Rennes, A\u00eft-Boudlal (20e), Camara (48e), Embolo (73e), Blas (83e)\u00a0; pour Monaco, Biereth (90e +\u00a05).<br \/><strong>Exclusion\u00a0:<\/strong> \u00e0 Rennes, Zakaria (65e).<\/p>\n","protected":false},"excerpt":{"rendered":"Rennes\u00a0&#8211; Monaco\u00a0: 4-1 Face \u00e0 un Monaco assez apathique, mais o\u00f9 Paul Pogba a enfin rejou\u00e9, Rennes a&hellip;\n","protected":false},"author":2,"featured_media":552133,"comment_status":"","ping_status":"","sticky":false,"template":"","format":"standard","meta":{"footnotes":""},"categories":[2821],"tags":[1111,11,829,1777,674,63,1011,27,66,12,584,25,60],"class_list":{"0":"post-552132","1":"post","2":"type-post","3":"status-publish","4":"format-standard","5":"has-post-thumbnail","7":"category-rennes","8":"tag-actu","9":"tag-actualites","10":"tag-bretagne","11":"tag-eu","12":"tag-europe","13":"tag-football","14":"tag-fr","15":"tag-france","16":"tag-ligue-1","17":"tag-news","18":"tag-rennes","19":"tag-republique-francaise","20":"tag-sports"},"share_on_mastodon":{"url":"https:\/\/pubeurope.com\/@fr\/115595611475873168","error":""},"_links":{"self":[{"href":"https:\/\/www.europesays.com\/fr\/wp-json\/wp\/v2\/posts\/552132","targetHints":{"allow":["GET"]}}],"collection":[{"href":"https:\/\/www.europesays.com\/fr\/wp-json\/wp\/v2\/posts"}],"about":[{"href":"https:\/\/www.europesays.com\/fr\/wp-json\/wp\/v2\/types\/post"}],"author":[{"embeddable":true,"href":"https:\/\/www.europesays.com\/fr\/wp-json\/wp\/v2\/users\/2"}],"replies":[{"embeddable":true,"href":"https:\/\/www.europesays.com\/fr\/wp-json\/wp\/v2\/comments?post=552132"}],"version-history":[{"count":0,"href":"https:\/\/www.europesays.com\/fr\/wp-json\/wp\/v2\/posts\/552132\/revisions"}],"wp:featuredmedia":[{"embeddable":true,"href":"https:\/\/www.europesays.com\/fr\/wp-json\/wp\/v2\/media\/552133"}],"wp:attachment":[{"href":"https:\/\/www.europesays.com\/fr\/wp-json\/wp\/v2\/media?parent=552132"}],"wp:term":[{"taxonomy":"category","embeddable":true,"href":"https:\/\/www.europesays.com\/fr\/wp-json\/wp\/v2\/categories?post=552132"},{"taxonomy":"post_tag","embeddable":true,"href":"https:\/\/www.europesays.com\/fr\/wp-json\/wp\/v2\/tags?post=552132"}],"curies":[{"name":"wp","href":"https:\/\/api.w.org\/{rel}","templated":true}]}}