{"id":552142,"date":"2025-11-22T22:08:42","date_gmt":"2025-11-22T22:08:42","guid":{"rendered":"https:\/\/www.europesays.com\/fr\/552142\/"},"modified":"2025-11-22T22:08:42","modified_gmt":"2025-11-22T22:08:42","slug":"savenay-le-smile-comedy-club-met-les-bouchees-doubles-2","status":"publish","type":"post","link":"https:\/\/www.europesays.com\/fr\/552142\/","title":{"rendered":"Savenay. Le Smile comedy club met les bouch\u00e9es doubles"},"content":{"rendered":"<p>Un an apr\u00e8s sa premi\u00e8re venue \u00e0 Savenay, le Smile comedy club de Nantes rempile, signant pour deux repr\u00e9sentations. \u00c0 l\u2019origine, il s\u2019agit d\u2019une op\u00e9ration commerciale de l\u2019association des commer\u00e7ants et artisans de Savenay.<\/p>\n<p>\u00a0On a men\u00e9 une op\u00e9ration \u201cun achat dans l\u2019un de nos commerces =\u00a0une chance de gagner\u201d. On avait \u00e9mis 12\u00a0000\u00a0cartes \u00e0 gratter, dont 150\u00a0tickets gagnants offrant chacun deux places. Soit la moiti\u00e9 du total des places disponibles\u00a0\u00bb,d\u00e9taille J\u00e9r\u00f4me Martin, secr\u00e9taire. Le Smile comedy club vend les places restantes.<\/p>\n<p>\u00a0La moiti\u00e9 des humoristes de cette session sont d\u00e9j\u00e0 venus l\u2019an pass\u00e9. Mais bien s\u00fbr avec de nouveaux sketchs,indique Olivier Blaimont, Savenaisien et g\u00e9rant de cette pouponni\u00e8re d\u2019humoristes. L\u2019an pass\u00e9, nous avons fid\u00e9lis\u00e9 de nouveaux amateurs d\u2019humour. C\u2019est notre volont\u00e9 de venir au-devant de publics qui auraient du mal \u00e0 venir \u00e0 Nantes.\u00a0<\/p>\n<p><strong>Dimanche 23\u00a0novembre<\/strong><strong class=\"date\">,<\/strong> \u00e0 14\u00a0h\u00a030 et \u00e0 17\u00a0h\u00a030, salle \u00c9quinoxe. Dur\u00e9e\u00a0: deux heures. Plein tarif\u00a0: 16\u00a0\u20ac, tarifs d\u00e9gressifs en groupe\u00a0et tarifs jeunes\u00a0: 11\u00a0\u20ac. \u00c2ge recommand\u00e9\u00a0: 12\u00a0ans et plus. Bar et vente de cr\u00eapes. R\u00e9servations\u00a0: www.billetweb.fr\/savenay-stand-up-show.<\/p>\n<p>\u00a0<\/p>\n","protected":false},"excerpt":{"rendered":"Un an apr\u00e8s sa premi\u00e8re venue \u00e0 Savenay, le Smile comedy club de Nantes rempile, signant pour deux&hellip;\n","protected":false},"author":2,"featured_media":550849,"comment_status":"","ping_status":"","sticky":false,"template":"","format":"standard","meta":{"footnotes":""},"categories":[2818],"tags":[1111,11,66823,5244,33504,66824,1777,674,1011,27,3736,766,12,2636,25,3272,32838,58771],"class_list":{"0":"post-552142","1":"post","2":"type-post","3":"status-publish","4":"format-standard","5":"has-post-thumbnail","7":"category-nantes","8":"tag-actu","9":"tag-actualites","10":"tag-bouchees","11":"tag-club","12":"tag-comedy","13":"tag-doubles","14":"tag-eu","15":"tag-europe","16":"tag-fr","17":"tag-france","18":"tag-met","19":"tag-nantes","20":"tag-news","21":"tag-pays-de-la-loire","22":"tag-republique-francaise","23":"tag-saint-nazaire","24":"tag-savenay","25":"tag-smile"},"share_on_mastodon":{"url":"https:\/\/pubeurope.com\/@fr\/115595634486506985","error":""},"_links":{"self":[{"href":"https:\/\/www.europesays.com\/fr\/wp-json\/wp\/v2\/posts\/552142","targetHints":{"allow":["GET"]}}],"collection":[{"href":"https:\/\/www.europesays.com\/fr\/wp-json\/wp\/v2\/posts"}],"about":[{"href":"https:\/\/www.europesays.com\/fr\/wp-json\/wp\/v2\/types\/post"}],"author":[{"embeddable":true,"href":"https:\/\/www.europesays.com\/fr\/wp-json\/wp\/v2\/users\/2"}],"replies":[{"embeddable":true,"href":"https:\/\/www.europesays.com\/fr\/wp-json\/wp\/v2\/comments?post=552142"}],"version-history":[{"count":0,"href":"https:\/\/www.europesays.com\/fr\/wp-json\/wp\/v2\/posts\/552142\/revisions"}],"wp:featuredmedia":[{"embeddable":true,"href":"https:\/\/www.europesays.com\/fr\/wp-json\/wp\/v2\/media\/550849"}],"wp:attachment":[{"href":"https:\/\/www.europesays.com\/fr\/wp-json\/wp\/v2\/media?parent=552142"}],"wp:term":[{"taxonomy":"category","embeddable":true,"href":"https:\/\/www.europesays.com\/fr\/wp-json\/wp\/v2\/categories?post=552142"},{"taxonomy":"post_tag","embeddable":true,"href":"https:\/\/www.europesays.com\/fr\/wp-json\/wp\/v2\/tags?post=552142"}],"curies":[{"name":"wp","href":"https:\/\/api.w.org\/{rel}","templated":true}]}}