{"id":55216,"date":"2025-04-26T20:26:12","date_gmt":"2025-04-26T20:26:12","guid":{"rendered":"https:\/\/www.europesays.com\/fr\/55216\/"},"modified":"2025-04-26T20:26:12","modified_gmt":"2025-04-26T20:26:12","slug":"la-russie-annonce-la-reprise-complete-de-la-region-de-koursk-a-lukraine","status":"publish","type":"post","link":"https:\/\/www.europesays.com\/fr\/55216\/","title":{"rendered":"La Russie annonce la reprise compl\u00e8te de la r\u00e9gion de Koursk \u00e0 l&rsquo;Ukraine"},"content":{"rendered":"<p>AA \/ Moscou \/ Elena Teslova<\/p>\n<p>Le Kremlin a annonc\u00e9, samedi, que les forces russes avaient compl\u00e8tement chass\u00e9 les troupes ukrainiennes de la r\u00e9gion russe de Koursk.<\/p>\n<p>Le service de presse du Kremlin a diffus\u00e9 une vid\u00e9o montrant le chef d&rsquo;\u00e9tat-major g\u00e9n\u00e9ral russe, Valery Gerasimov, informant le pr\u00e9sident Vladimir Poutine de l&rsquo;ach\u00e8vement de l&rsquo;op\u00e9ration militaire.<\/p>\n<p>Gerasimov a d\u00e9clar\u00e9 que \u00ab la derni\u00e8re localit\u00e9 sur le territoire de la r\u00e9gion de Koursk, le village de Gornal, a \u00e9t\u00e9 lib\u00e9r\u00e9e des unit\u00e9s ukrainiennes \u00bb.<\/p>\n<p>Il a ajout\u00e9 que la tentative d&rsquo;avanc\u00e9e de l&rsquo;Ukraine n&rsquo;avait pas atteint ses objectifs, \u00e0 savoir forcer la Russie \u00e0 retirer ses forces d&rsquo;autres fronts et s&rsquo;assurer un territoire \u00e0 utiliser comme levier dans les n\u00e9gociations futures.<\/p>\n<p>\u00ab Les plans du r\u00e9gime de Kiev visant \u00e0 cr\u00e9er un point d&rsquo;appui strat\u00e9gique et \u00e0 perturber notre offensive dans le Donbass ont \u00e9chou\u00e9 \u00bb, a-t-il d\u00e9clar\u00e9.<\/p>\n<p>Au stade initial de l&rsquo;op\u00e9ration, l&rsquo;arm\u00e9e russe a mis fin \u00e0 l&rsquo;offensive et a forc\u00e9 les troupes ukrainiennes \u00e0 se mettre sur la d\u00e9fensive, a-t-il ajout\u00e9.<\/p>\n<p>Selon Gerasimov, la phase la plus active de l&rsquo;op\u00e9ration a commenc\u00e9 le 6 mars, lorsque la Russie a lanc\u00e9 une offensive du groupe Koursk simultan\u00e9ment dans toutes les directions, tandis qu&rsquo;un groupe de sabotage se d\u00e9pla\u00e7ait \u00e0 travers un syst\u00e8me de transmission de gaz et surgissait au c\u0153ur de la d\u00e9fense de l&rsquo;Ukraine.<\/p>\n<p>\u00ab Les unit\u00e9s ukrainiennes ont amorc\u00e9 un retrait chaotique et, en l&rsquo;espace de cinq jours, la zone d&rsquo;occupation a \u00e9t\u00e9 r\u00e9duite de deux fois et demie. Au cours des op\u00e9rations suivantes, les quelques unit\u00e9s d&rsquo;\u00e9lite ukrainiennes ont \u00e9t\u00e9 mises en \u00e9chec et chass\u00e9es du territoire de la r\u00e9gion de Koursk \u00bb, a-t-il d\u00e9clar\u00e9.<\/p>\n<p>** Participation de la Cor\u00e9e du Nord<\/p>\n<p>Valery Gerasimov a \u00e9galement remerci\u00e9 les soldats nord-cor\u00e9ens qui, selon lui, ont \u00ab combattu c\u00f4te \u00e0 c\u00f4te \u00bb avec les militaires russes pour lib\u00e9rer la r\u00e9gion de Koursk des troupes ukrainiennes.<\/p>\n<p>\u00ab Je voudrais mentionner s\u00e9par\u00e9ment la participation \u00e0 la lib\u00e9ration des zones frontali\u00e8res de la r\u00e9gion de Koursk du personnel militaire de la R\u00e9publique populaire d\u00e9mocratique de Cor\u00e9e (Cor\u00e9e du Nord) qui, conform\u00e9ment \u00e0 l&rsquo;accord de partenariat strat\u00e9gique global conclu entre nos deux pays, a apport\u00e9 une aide importante pour vaincre le groupe arm\u00e9 ukrainien en place \u00bb, a-t-il d\u00e9clar\u00e9.<\/p>\n<p>Il a expliqu\u00e9 que les forces nord-cor\u00e9ennes n&rsquo;ont combattu que sur le territoire russe en vertu d&rsquo;un accord bilat\u00e9ral qui accorde \u00e0 la Russie le droit d&rsquo;engager des forces militaires nord-cor\u00e9ennes pour prot\u00e9ger son territoire.<\/p>\n<p>\u00ab Les soldats et les officiers de l&rsquo;arm\u00e9e populaire cor\u00e9enne, menant des missions de combat aux c\u00f4t\u00e9s des militaires russes, ont fait preuve d&rsquo;un grand professionnalisme lors de la mise en \u00e9chec de l&rsquo;invasion ukrainienne, ainsi que de pers\u00e9v\u00e9rance, de courage et d&rsquo;h\u00e9ro\u00efsme au combat \u00bb, a-t-il soulign\u00e9.<\/p>\n<p>En f\u00e9vrier 2022, la Russie a lanc\u00e9 son \u00ab op\u00e9ration militaire sp\u00e9ciale \u00bb en Ukraine. Kiev a lanc\u00e9 son incursion dans la r\u00e9gion de Koursk en ao\u00fbt dernier.<\/p>\n<p>Des mesures sont actuellement prises dans les zones lib\u00e9r\u00e9es de la r\u00e9gion de Koursk pour identifier les militaires ukrainiens en retraite qui tentent de se dissimuler sur le territoire russe, a d\u00e9clar\u00e9 Gerasimov.<\/p>\n<p>Les zones foresti\u00e8res, les sous-sols et les b\u00e2timents abandonn\u00e9s sont contr\u00f4l\u00e9s, 110 \u00e9quipes compos\u00e9es de plus de 1 000 personnes nettoient le territoire de la r\u00e9gion de Koursk des mines et des objets explosifs, et \u00e0 ce jour, 19 localit\u00e9s ont \u00e9t\u00e9 enti\u00e8rement v\u00e9rifi\u00e9es et nettoy\u00e9es, a conclu Gerasimov.<\/p>\n<p>*Traduit de l\u2019Anglais par Mourad Belhaj<\/p>\n<p>                            &#13;<br \/>\n                                <a href=\"https:\/\/www.aa.com.tr\/fr\/p\/abonnement\/1001\" target=\"_blank\" style=\"font-size:12px; color:#444; text-decoration:none;\" rel=\"noopener\">&#13;<br \/>\n                                    Seulement une partie des d\u00e9p\u00eaches, que l&rsquo;Agence Anadolu diffuse \u00e0 ses abonn\u00e9s via le Syst\u00e8me de Diffusion interne (HAS), est diffus\u00e9e sur le site de l&rsquo;AA, de mani\u00e8re r\u00e9sum\u00e9e. <b style=\"color:#1897F7\">Contactez-nous s&rsquo;il vous pla\u00eet pour vous abonner.<\/b>&#13;<br \/>\n                                <\/a>&#13;<\/p>\n","protected":false},"excerpt":{"rendered":"AA \/ Moscou \/ Elena Teslova Le Kremlin a annonc\u00e9, samedi, que les forces russes avaient compl\u00e8tement chass\u00e9&hellip;\n","protected":false},"author":2,"featured_media":55217,"comment_status":"","ping_status":"","sticky":false,"template":"","format":"standard","meta":{"footnotes":""},"categories":[1591],"tags":[11,1785,13987,1887,9793,12,1885,1886,132,220,14983,135],"class_list":{"0":"post-55216","1":"post","2":"type-post","3":"status-publish","4":"format-standard","5":"has-post-thumbnail","7":"category-russie","8":"tag-actualites","9":"tag-anadolu-ajansi","10":"tag-coree-du-nord","11":"tag-federation-de-russie","12":"tag-koursk","13":"tag-news","14":"tag-russia","15":"tag-russian-federation","16":"tag-russie","17":"tag-ukraine","18":"tag-valery-gerasimov","19":"tag-vladimir-poutine"},"share_on_mastodon":{"url":"https:\/\/pubeurope.com\/@fr\/114406148243872215","error":""},"_links":{"self":[{"href":"https:\/\/www.europesays.com\/fr\/wp-json\/wp\/v2\/posts\/55216","targetHints":{"allow":["GET"]}}],"collection":[{"href":"https:\/\/www.europesays.com\/fr\/wp-json\/wp\/v2\/posts"}],"about":[{"href":"https:\/\/www.europesays.com\/fr\/wp-json\/wp\/v2\/types\/post"}],"author":[{"embeddable":true,"href":"https:\/\/www.europesays.com\/fr\/wp-json\/wp\/v2\/users\/2"}],"replies":[{"embeddable":true,"href":"https:\/\/www.europesays.com\/fr\/wp-json\/wp\/v2\/comments?post=55216"}],"version-history":[{"count":0,"href":"https:\/\/www.europesays.com\/fr\/wp-json\/wp\/v2\/posts\/55216\/revisions"}],"wp:featuredmedia":[{"embeddable":true,"href":"https:\/\/www.europesays.com\/fr\/wp-json\/wp\/v2\/media\/55217"}],"wp:attachment":[{"href":"https:\/\/www.europesays.com\/fr\/wp-json\/wp\/v2\/media?parent=55216"}],"wp:term":[{"taxonomy":"category","embeddable":true,"href":"https:\/\/www.europesays.com\/fr\/wp-json\/wp\/v2\/categories?post=55216"},{"taxonomy":"post_tag","embeddable":true,"href":"https:\/\/www.europesays.com\/fr\/wp-json\/wp\/v2\/tags?post=55216"}],"curies":[{"name":"wp","href":"https:\/\/api.w.org\/{rel}","templated":true}]}}