{"id":55218,"date":"2025-04-26T20:27:09","date_gmt":"2025-04-26T20:27:09","guid":{"rendered":"https:\/\/www.europesays.com\/fr\/55218\/"},"modified":"2025-04-26T20:27:09","modified_gmt":"2025-04-26T20:27:09","slug":"notre-recit-avec-les-militaires-ukrainiens-qui-lancent-leurs-drones-sur-larmee-de-poutine","status":"publish","type":"post","link":"https:\/\/www.europesays.com\/fr\/55218\/","title":{"rendered":"notre r\u00e9cit avec les militaires ukrainiens qui lancent leurs drones sur l\u2019arm\u00e9e de Poutine"},"content":{"rendered":"<p data-module=\"fig-standfirst\" data-context=\"@media (min-width:48em)\"><strong>EXCLUSIF <\/strong>&#8211; Alors que les n\u00e9gociations de paix patinent et que les combats s\u2019intensifient, l\u2019Ukraine s\u2019est lanc\u00e9e dans une course \u00e0 l\u2019innovation technologique avec un objectif\u00a0: sortir de la guerre de tranch\u00e9es. Elle veut produire 4,5 millions de drones en 2025 pour faire reculer l\u2019arm\u00e9e russe.<\/p>\n<p class=\"fig-paragraph fig-paragraph--dropped\">La radio gr\u00e9sille, les trois soldats juv\u00e9niles quittent leur lit de camp et se pr\u00e9cipitent sur leurs \u00e9crans d\u2019ordinateur. Des Russes ont \u00e9t\u00e9 rep\u00e9r\u00e9s au point du jour \u00e0 quelques kilom\u00e8tres de leur abri souterrain. Elvis \u2013 de son nom de guerre \u2013 demande quelques pr\u00e9cisions en parlant au talkie-walkie. Sous ses yeux, plusieurs images d\u00e9filent sur un serveur en ligne. Ils montrent, sous diff\u00e9rents angles film\u00e9s en direct par des drones de surveillance, des mouvements russes dans les ruines d\u2019une maison du village de Kostyantynopil\u2019, une localit\u00e9 disput\u00e9e du\u00a0<a href=\"http:\/\/www.lefigaro.fr\/international\/la-russie-conquiert-la-ville-de-toretsk-et-menace-le-nord-du-donbass-20250207\" data-fig-type=\"NewsFlash\" data-gtm-custom-categorie=\"navigation\" data-gtm-custom-action=\"crossclick\" data-gtm-custom-label=\"Contextuel\" data-gtm-event=\"customEventSPE\" data-fig-domain=\"LEFIGARO\" rel=\"nofollow noopener\" target=\"_blank\">Donbass\u00a0<\/a>(est de l\u2019<a href=\"http:\/\/www.lefigaro.fr\/international\/guerre-en-ukraine-neuf-morts-dans-une-frappe-de-drone-russe-contre-un-bus-20250423\" data-fig-type=\"NewsFlash\" data-gtm-custom-categorie=\"navigation\" data-gtm-custom-action=\"crossclick\" data-gtm-custom-label=\"Contextuel\" data-gtm-event=\"customEventSPE\" data-fig-domain=\"LEFIGARO\" rel=\"nofollow noopener\" target=\"_blank\">Ukraine<\/a>).<\/p>\n<p class=\"fig-paragraph fig-paragraph--dropped\">En vitesse, Sacha, le sapeur, fixe une munition explosive \u00e0 un drone kamikaze, qui doit voler jusqu\u2019\u00e0 exploser contre les Russes. Il sort prudemment de l\u2019abri pour le faire d\u00e9coller. Le soleil n\u2019est lev\u00e9 que depuis quelques minutes, et les Russes, qui surveillent en permanence \u2013 comme les Ukrainiens \u2013 la longue ligne de front, pourraient le rep\u00e9rer. Il faut faire vite. Elvis, derri\u00e8re son ordinateur, suit le trajet\u2026<\/p>\n<p class=\"fig-premium-paywall__infos\">\n        Cet article est r\u00e9serv\u00e9 aux abonn\u00e9s.        Il vous reste 91% \u00e0 d\u00e9couvrir.\n    <\/p>\n<p>                <img  data- alt=\"Le Figaro\" class=\"fig-img--complete fig-img\"\/><\/p>\n<p class=\"fig-premium-paywall__title\">Vous avez envie de lire la suite ?<\/p>\n<p class=\"fig-premium-paywall__subtitle\">D\u00e9bloquez tous les articles imm\u00e9diatement.<\/p>\n<p class=\"fig-premium-paywall__connect\">\n                D\u00e9j\u00e0 abonn\u00e9\u00a0?                <a class=\"fig-premium-paywall__connect-link\" href=\"https:\/\/connect.lefigaro.fr\/login?client=horizon_web&amp;type=main&amp;redirect_uri=https%3A%2F%2Fwww.lefigaro.fr%2Finternational%2Ftuer-l-ennemi-par-ecrans-interposes-notre-recit-avec-les-militaires-ukrainiens-qui-lancent-leurs-drones-sur-l-armee-de-poutine-20250426\" data-js-gtm=\"{&quot;customCategorie&quot;: &quot;conversion&quot;, &quot;customAction&quot;: &quot;before_Landing_Connexion_paywall_auto&quot;, &quot;customLabel&quot;: &quot;bGVmaWdhcm8uZnJfXzFmMDIwM2YyLTI3ODMtNjE2MC1hY2FmLTIxN2YwYjI2Mzk3Nl9fQXJ0aWNsZQ==_Tuer l\u2019ennemi par \u00e9crans interpos\u00e9s\u00a0: notre r\u00e9cit avec les militaires ukrainiens qui lancent leurs drones sur l\u2019arm\u00e9e de Poutine_413&quot;, &quot;customIDSPE&quot;: &quot;bGVmaWdhcm8uZnJfXzFmMDIwM2YyLTI3ODMtNjE2MC1hY2FmLTIxN2YwYjI2Mzk3Nl9fQXJ0aWNsZQ==&quot;, &quot;event&quot;: &quot;customEventSPE&quot;}\" rel=\"nofollow noopener\" target=\"_blank\"><br \/>\n                    Connectez-vous<br \/>\n                <\/a>\n            <\/p>\n","protected":false},"excerpt":{"rendered":"EXCLUSIF &#8211; Alors que les n\u00e9gociations de paix patinent et que les combats s\u2019intensifient, l\u2019Ukraine s\u2019est lanc\u00e9e dans&hellip;\n","protected":false},"author":2,"featured_media":55219,"comment_status":"","ping_status":"","sticky":false,"template":"","format":"standard","meta":{"footnotes":""},"categories":[1590],"tags":[259,11,260,1777,674,1146,14,261,12,262,220],"class_list":{"0":"post-55218","1":"post","2":"type-post","3":"status-publish","4":"format-standard","5":"has-post-thumbnail","7":"category-ukraine","8":"tag-actualite-internationale","9":"tag-actualites","10":"tag-affaires-etrangeres","11":"tag-eu","12":"tag-europe","13":"tag-guerre","14":"tag-international","15":"tag-ministere-des-affaires-etrangeres","16":"tag-news","17":"tag-politique-etrangere","18":"tag-ukraine"},"share_on_mastodon":{"url":"https:\/\/pubeurope.com\/@fr\/114406152412532373","error":""},"_links":{"self":[{"href":"https:\/\/www.europesays.com\/fr\/wp-json\/wp\/v2\/posts\/55218","targetHints":{"allow":["GET"]}}],"collection":[{"href":"https:\/\/www.europesays.com\/fr\/wp-json\/wp\/v2\/posts"}],"about":[{"href":"https:\/\/www.europesays.com\/fr\/wp-json\/wp\/v2\/types\/post"}],"author":[{"embeddable":true,"href":"https:\/\/www.europesays.com\/fr\/wp-json\/wp\/v2\/users\/2"}],"replies":[{"embeddable":true,"href":"https:\/\/www.europesays.com\/fr\/wp-json\/wp\/v2\/comments?post=55218"}],"version-history":[{"count":0,"href":"https:\/\/www.europesays.com\/fr\/wp-json\/wp\/v2\/posts\/55218\/revisions"}],"wp:featuredmedia":[{"embeddable":true,"href":"https:\/\/www.europesays.com\/fr\/wp-json\/wp\/v2\/media\/55219"}],"wp:attachment":[{"href":"https:\/\/www.europesays.com\/fr\/wp-json\/wp\/v2\/media?parent=55218"}],"wp:term":[{"taxonomy":"category","embeddable":true,"href":"https:\/\/www.europesays.com\/fr\/wp-json\/wp\/v2\/categories?post=55218"},{"taxonomy":"post_tag","embeddable":true,"href":"https:\/\/www.europesays.com\/fr\/wp-json\/wp\/v2\/tags?post=55218"}],"curies":[{"name":"wp","href":"https:\/\/api.w.org\/{rel}","templated":true}]}}