{"id":552198,"date":"2025-11-22T22:48:18","date_gmt":"2025-11-22T22:48:18","guid":{"rendered":"https:\/\/www.europesays.com\/fr\/552198\/"},"modified":"2025-11-22T22:48:18","modified_gmt":"2025-11-22T22:48:18","slug":"des-equipes-de-jeunes-de-las-rome-au-role-de-leader-de-litalie-en-finale-de-la-coupe-davis-la-transformation-du-loup-solitaire-flavio-cobolli","status":"publish","type":"post","link":"https:\/\/www.europesays.com\/fr\/552198\/","title":{"rendered":"Des \u00e9quipes de jeunes de l&rsquo;AS Rome au r\u00f4le de leader de l&rsquo;Italie en finale de la Coupe Davis, la transformation du \u00ab\u00a0loup solitaire\u00a0\u00bb Flavio Cobolli"},"content":{"rendered":"\n<p>Des \u00e9quipes de jeunes de l&rsquo;AS Rome au r\u00f4le de leader de l&rsquo;Italie en finale de la Coupe Davis, la transformation du \u00ab\u00a0loup solitaire\u00a0\u00bb Flavio Cobolli<\/p>\n<p>Annonc\u00e9e prenable en l&rsquo;absence de Jannik Sinner et Lorenzo Musetti, l&rsquo;Italie visera pourtant une troisi\u00e8me victoire de suite en Coupe Davis, dimanche, face \u00e0 l&rsquo;Espagne. Elle s&rsquo;appuiera sur Flavio Cobolli, 23\u00a0ans, h\u00e9ro\u00efque face \u00e0 la Belgique en demi-finales et leader atypique de cette \u00e9quipe, lui l&rsquo;ancien lat\u00e9ral droit de la Roma chez les jeunes, qui a choisi le tennis plut\u00f4t que le football.<\/p>\n","protected":false},"excerpt":{"rendered":"Des \u00e9quipes de jeunes de l&rsquo;AS Rome au r\u00f4le de leader de l&rsquo;Italie en finale de la Coupe&hellip;\n","protected":false},"author":2,"featured_media":552199,"comment_status":"","ping_status":"","sticky":false,"template":"","format":"standard","meta":{"footnotes":""},"categories":[1415],"tags":[1011,27,60,1467],"class_list":{"0":"post-552198","1":"post","2":"type-post","3":"status-publish","4":"format-standard","5":"has-post-thumbnail","7":"category-tennis","8":"tag-fr","9":"tag-france","10":"tag-sports","11":"tag-tennis"},"share_on_mastodon":{"url":"https:\/\/pubeurope.com\/@fr\/115595791763848235","error":""},"_links":{"self":[{"href":"https:\/\/www.europesays.com\/fr\/wp-json\/wp\/v2\/posts\/552198","targetHints":{"allow":["GET"]}}],"collection":[{"href":"https:\/\/www.europesays.com\/fr\/wp-json\/wp\/v2\/posts"}],"about":[{"href":"https:\/\/www.europesays.com\/fr\/wp-json\/wp\/v2\/types\/post"}],"author":[{"embeddable":true,"href":"https:\/\/www.europesays.com\/fr\/wp-json\/wp\/v2\/users\/2"}],"replies":[{"embeddable":true,"href":"https:\/\/www.europesays.com\/fr\/wp-json\/wp\/v2\/comments?post=552198"}],"version-history":[{"count":0,"href":"https:\/\/www.europesays.com\/fr\/wp-json\/wp\/v2\/posts\/552198\/revisions"}],"wp:featuredmedia":[{"embeddable":true,"href":"https:\/\/www.europesays.com\/fr\/wp-json\/wp\/v2\/media\/552199"}],"wp:attachment":[{"href":"https:\/\/www.europesays.com\/fr\/wp-json\/wp\/v2\/media?parent=552198"}],"wp:term":[{"taxonomy":"category","embeddable":true,"href":"https:\/\/www.europesays.com\/fr\/wp-json\/wp\/v2\/categories?post=552198"},{"taxonomy":"post_tag","embeddable":true,"href":"https:\/\/www.europesays.com\/fr\/wp-json\/wp\/v2\/tags?post=552198"}],"curies":[{"name":"wp","href":"https:\/\/api.w.org\/{rel}","templated":true}]}}