{"id":552200,"date":"2025-11-22T22:52:23","date_gmt":"2025-11-22T22:52:23","guid":{"rendered":"https:\/\/www.europesays.com\/fr\/552200\/"},"modified":"2025-11-22T22:52:23","modified_gmt":"2025-11-22T22:52:23","slug":"cyclo-cross-arnaud-coyot-a-ons-en-bray-classements-actualite","status":"publish","type":"post","link":"https:\/\/www.europesays.com\/fr\/552200\/","title":{"rendered":"Cyclo-cross Arnaud Coyot \u00e0 Ons-en-Bray : Classements &#8211; Actualit\u00e9"},"content":{"rendered":"<p style=\"text-align: justify;\">Matys Grisel (Lotto Development Team) a remport\u00e9, ce samedi, le cyclo-cross Arnaud Coyot disput\u00e9 \u00e0 Ons-en-Bray (Oise) et organis\u00e9 par l&rsquo;AS Ons en Bray. Il a devanc\u00e9 Pascal Le Roux (CSM Villeneuve-la-Garenne) et Alexis Bouteloup (Team Avesnois). <br \/>Matys Grisel succ\u00e8de \u00e0 Maxime Jarnet (Van Rysel-Roubaix) au palmar\u00e8s.<\/p>\n<p><strong>Classements :<\/strong><br \/><strong>\u00c9lite, U23 et U19<\/strong><br \/>1. GRISEL Matys LOTTO DEVELOPMENT TEAM ELITE U23 <br \/>2. LE ROUX Pascal CSM VILLENEUVE LA GARENNE Open 2 <br \/>3. BOUTELOUP Alexis TEAM AVESNOIS Open 1 U23-1 <br \/>4. ROUSSEL Etienne AC CENTULOISE Open 3 U23-4 <br \/>5. DAIRE Alexandre EC CHATEAU THIERRY Open 2 U23-2 <br \/>6. LEJEUNE R\u00e9mi UC DARNETAL Open 2 <br \/>7. LE BESQ Nicolas AC CENTULOISE Access 3 <br \/>8. GOURGUECHON Baptiste AC AILLY SUR SOMME Open 3 <br \/>9. BLANPAIN K\u00e9vin CC CAMBRESIEN Open 2 <br \/>10. MAURIN Corentin SUD OISE CYCLISME U19 Open 3 U19-2 <br \/>11. DALANSON Mathis AC CATENOY UFOLEP <br \/>12. DELEM Mathis PARISIS A.C. 95 Open 3 U23-1 <br \/>13. LEMOINE Sullivan VC MERUVIEN Access 1 <br \/>14. LEONARD Guillaume AC NESLE UFOLEP <br \/>15. GALLAIS Baptiste LA FEUILLIE CYCLISTE Open 3 U23-3 <br \/>16. MORIN Dimitri UFOLEP <br \/>17. HUCK L\u00e9andre VC ROUEN 76 Open 1 <br \/>18. DEBOES K\u00e9vin US MAULE CYCLISME Open 3 <br \/>19. MOUCHARD Alexis TEAM COEUR DE CAUX CYCLISME Open 3 <br \/>20. NOIRET Louis ST JUST EN CHAUSSE UFOLEP <br \/>21. POULET-FABBRI Math\u00e9o AC NESLE UFOLEP <br \/>22. BUCHERT Alexandre VC MERUVIEN Access 2 <br \/>23. ROHART Renaud UC LIANCOURT RANTIGNY Access 2 <br \/>24. POULAIN St\u00e9phane UC LIANCOURT RANTIGNY Access 3 <br \/>25. DIEU Florian UC LIANCOURT RANTIGNY Access 2 <\/p>\n<p><strong>F\u00e9minines<\/strong> <br \/>1. USSEGLIO Lisa EC CHATEAU THIERRY Dame U15 U15-2 <br \/>2. CAVEL Jade ESPOIR CYCLISTE DE MOREUIL Dame U17 U17-1 <br \/>3. DENEUX Rose ESPOIR CYCLISTE DE MOREUIL Dame U15 U15-2 <br \/>4. CAVEL Ambre ESPOIR CYCLISTE DE MOREUIL Dame U17 U17-2 <br \/>5. TETU Pauline TEAM VTT JEUMONT Dame U17 U17-2 <br \/>6. PASQUIER Jade UC LIANCOURT RANTIGNY Dame U17 U17-2 <br \/>7. CANIN Mathilde CC DU VALOIS DAME U15 <br \/>9. KLAES Lise U.V.C.A TROYES Dame Open 1 U23-3 <br \/>10. TETU M\u00e9lanie TEAM VTT JEUMONT Dame Access 4 <br \/>11. RICHARDOT No\u00e9mie U.V.C.A TROYES Dame Open 2 U23-2 <br \/>12. BONNELLIER CARON Elsa AS TREPORT CYCLISME Dame Open 2 U23-1 <br \/>13. DEMONTREUILLE Mathilde U.V.C.A TROYES Dame Open 1 <br \/>14. BUVAT Manon U.V.C.A TROYES Dame Open 2 U23-4 <br \/>15. BOURGET Sandrine VC PACEEN Dame Access 4 <\/p>\n<p><strong>Masters<\/strong> <br \/>1. HERISSET Christophe AC AMIENOISE Master Access 4 <br \/>2. DAUREIL Christophe AC DE CATENOY Master Access 3 <br \/>3. FREDON Arnaud AOS COURMELLES Master Access 3 <br \/>4. TAVERNIER Christophe RETZ BIKE CLUB Master Access 2 <br \/>5. DOUSSAULT Denis RETZ BIKE CLUB Master Access 3 <br \/>6. DUPRESSOIR Franck RETZ BIKE CLUB Master Access 4 <br \/>7. DEMOLIERE Ludovic Master <br \/>8. BATAILLE Marc RETZ BIKE CLUB Master Access 4 <br \/>9. PARMAIN Christophe TEAM PLATEAU PICARD Master <br \/>10. BRIFFAULT Maxime POIX TEAM BIKE Master <br \/>11. BELLOUIN Jean-Michel EC VALLEE DE L&rsquo;AISNE Master Access 4 <br \/>12. BERNESCHI Arnaud Master <br \/>13. ROBLIQUE Daniel CC DU VALOIS Master Access 4 <br \/>14. BOUTELOUP Jean-Pierre GUIDON PROVINOIS Master Access 4 <br \/>15. BOUVERET Gr\u00e9gory E.GISORSIENNE Master Access 3 <br \/>16. POULET David AC NESLE Master <br \/>17. MEUNIER J\u00e9r\u00f4me E.GISORSIENNE Master Access 4 <br \/>18. POULET Marcel AC NESLE Master <br \/>19. VAIN Guillaume POIX TEAM BIKE Master<\/p>\n<p><strong>U17<\/strong><br \/>1. LEDOUX Louis EC CHATEAU THIERRY U17-2 <br \/>2. USSEGLIO Tom EC CHATEAU THIERRY U17-2 <br \/>3. DECROMBECQUE Tom TEAM FACTORY 80 U17-1 <br \/>4. ABRAHAM Antoine USSA PAVILLY BARENTIN U17-2 <br \/>5. POULET FABBRI Marcelino AC NESLOIS U17-1 <br \/>6. BENOIT Timot\u00e9 RETZ BIKE CLUB U17-2 <br \/>7. KUZNIAK Evan COMPIEGNE SPORTS CYCLISTES U17-2 <br \/>8. MONGREVILLE Pierre USSA PAVILLY BARENTIN U17-2 <br \/>9. LAURENCEAU Edgar TEAM FACTORY 80 U17-2 <br \/>10. QUENISSET Hugo CC DU VALOIS U17-1 <br \/>11. PAYET Ilan TEAM OISE ORGANISATION U17-1 <br \/>12. DUNET Axel VC HAUTOT SUR MER U17-2 <br \/>13. LELEUX Baptiste BEAUVAIS TEAM CYCLISTE U17-1 <br \/>14. CAMIN Thibault CC DU VALOIS U17-1 <br \/>15. LEMOINE Tim\u00e9o SC VAL D&rsquo;ARRE U17-1 <br \/>16. PETIT Nathanael BEAUVAIS TEAM CYCLISTE U17-1 <br \/>17. MALLAURAN Rafa\u00ebl BEAUVAIS TEAM CYCLISTE U17-2 <br \/>18. GUICHAUX Maxime AC SOTTEVILLE U17-2 <br \/>19. LEQUEN Robin TC BEAUVAIS U17-1 <br \/>20. BINET Morgan E.GISORSIENNE U17-2 <\/p>\n<p><strong>U15<\/strong> <br \/>1. CARON DE FROMENTEL Erwan EC NEUFCHATEL EN BRAY U15 U15-2 <br \/>2. DETRE Lysandre TEAM FACTORY 80 U15 U15-2 <br \/>3. TETU Cl\u00e9ment TEAM VTT JEUMONT U15 U15-2 <br \/>4. MEUNIER Alexandre E.GISORSIENNE U15 U15-2 <br \/>5. LANDAIS Armand VC AIGLON U15 U15-2 <br \/>6. WARIN Baptiste BEAUVAIS TEAM CYCLISTE U15 U15-1 <br \/>7. FOUILLET Cl\u00e9ment TEAM OISE ORGANISATION U15 U15-2 <br \/>8. CAVEL L\u00e9andre ESPOIR CYCLISTE DE MOREUIL U15 U15-1 <br \/>9. SALLEMBIEN Theo AC CENTULOISE U15 U15-2 <br \/>10. BINET Mathias E.GISORSIENNE U15 U15-2 <br \/>11. RECOULES Lucien VC EUDOIS ET BRESLOIS U15 U15-2 <br \/>12. COUTURE Hugo VC CATENAY U15 U15-1 <br \/>13. BIARNE CONTINANT Mattew PARISIS A.C. 95 U15 U15-2 <br \/>14. LEVESQUE Lohan ARGENTEUIL VAL DE SEINE 95 U15 U15-2 <br \/>15. DUBUC Jonatan EC CHATEAU THIERRY U15 U15-2 <br \/>16. DOUSSAULT Matth\u00e9o RETZ BIKE CLUB U15 U15-2 <br \/>17. MOREL Axel SC VAL D&rsquo;ARRE U15 U15-2 <br \/>18. HERMANT Malo ESPOIR CYCLISTE DE MOREUIL U15 U15-2 <br \/>19. BOUVERET Tom E.GISORSIENNE U15 U15-1 <br \/>20. BRODIN Hugo PARISIS A.C. 95 U15 U15-1 <br \/>21. BERNARDIN Bastien TC BEAUVAIS U15 U15-1 <\/p>\n<p><strong>U13<\/strong> <br \/>1. TELLIER Carl BC NOISY LE GRAND U13-1 <br \/>2. LE BESQ Isaac AC CENTULOISE U13-2 <br \/>3. PERROUX Leeron EC LAGNY PLESSIS U13-2 <br \/>4. SZYSZKA Jules UC LIANCOURT RANTIGNY U13-2 <br \/>5. CODDEVILLE Charly UVC CALAIS U13-2 <br \/>6. VERRAES Aubin EC NEUFCHATEL EN BRAY U13-2 <br \/>7. COLAS Gianni A. SOISY ENGHIEN LA BARRE U13-2 <br \/>8. LELEUX Charlie BEAUVAIS TEAM CYCLISTE U13-2 <br \/>9. GUILLOUARD Paul VC EUDOIS BRESLOIS U13-1 <br \/>10. PELTIER Georges SC VAL D&rsquo;ARRE U13-1 <br \/>11. PHILIPPE LINDAUER Sasha SC VAL D&rsquo;ARRE U13-1 <br \/>12. PAJNIC Luka TEAM OISE ORGANISATION U13-2 <br \/>13. DUFOSSE Levi VELO CLUB EURE MADRIE SEINE U13-2 <br \/>14. DENEUX Ama\u00ebl ESPOIR CYCLISTE DE MOREUIL U13-1 <br \/>15. BELLET Ma\u00ebl EC NEUFCHATEL EN BRAY U13-1 <br \/>16. LE BOURHIS Lucas PARISIS A.C. 95 U13-1 <br \/>17. LANDAIS Justin VC AIGLON U13-2 <br \/>18. GAUGERY Flavio PAC95 U13-2 <br \/>19. SPIGUELAIRE Paul TC BEAUVAIS U13-2 <br \/>20. CARON Hugo SC VAL D&rsquo;ARRE U13-1 <br \/>21. REBELO Morgane PARISIS A.C. 95 U13-2 Femme <br \/>22. MENANT Jules TC BEAUVAIS U13-1 <br \/>23. QUENEHEN Hugo AMIENS METROPOLE CYCLISME U13-1 <br \/>24. PERDRIEL Louis TC BEAUVAIS U13-2 <br \/>25. RHALIMI Soliman E.GISORSIENNE U13-1 <br \/>26. WISS Kayten U13 <br \/>27. NOIIRET Charline SC VAL D&rsquo;ARRE U13-2 Femme <br \/>28. MAILLARD Jules U13 <br \/>29. DESTIN Dylan U13 <\/p>\n<p><strong>U11<\/strong> <br \/>1. MARIETTE \u00c9douard AC CENTULOISE U11-2 <br \/>2. LEMOINE Ethan EC NEUFCHATEL EN BRAY U11-2 <br \/>3. LEMOINE L\u00e9o SC VAL D&rsquo;ARRE U11-2 <br \/>4. THIERRY Hugo TC BEAUVAIS U11-1 <br \/>5. CAVEL Arsene ESPOIR CYCLISTE DE MOREUIL U11-2 <br \/>6. POIRE Mikhail US EZANVILLE ECOUEN U11-2 <br \/>7. LAURENT Hugo TEAM OISE ORGANISATION U11-2 <br \/>8. RECOLET Kilian SC VAL D&rsquo;ARRE U11-2 <br \/>9. LEU Cl\u00e9ment AMIENS METROPOLE CYCLISME U11-2 <br \/>10. ANCIEUX Lucas TC BEAUVAIS U11-2 <br \/>11. VERRAES Gabriel EC NEUFCHATEL EN BRAY U11-1 <br \/>12. BUE Gruhuyel U11 <br \/>13. QUATREVAUX Aaron UC LIANCOURT RANTIGNY U11-1 <br \/>14. BRODIN Jade PARISIS A.C. 95 U11-2 Femme<br \/>15. EUDES Thomas CC NOGENT \/ OISE U11-1 <br \/>16. LEVESQUE Louna ARGENTEUIL VAL DE SEINE 95 U11-1 Femme<br \/>17. LAURANCE Elliott TEAM OISE ORGANISATION U11-1 <br \/>18. ROHART Jade UC LIANCOURT RANTIGNY U11-1 Femme<br \/>19. LIONNET L\u00e9andre TC BEAUVAIS U11-2 <br \/>20. NATIVEL Arthur E.GISORSIENNE U11-2 <br \/>21. MENANT Camille TC BEAUVAIS U11-1 Femme<br \/>22. BENSIMON Owen SC VAL D&rsquo;ARRE U11-2 <br \/>23. LANOUE COUTELLE Simon TC BEAUVAIS U11-2 <br \/>24. POIRE Anton US EZANVILLE ECOUEN U11-1 <br \/>25. DESTIN Cassandra U11 <br \/>26. RENAULT Gabriel UC LIANCOURT RANTIGNY U11-1 <br \/>27. BISTERU Cesar U11 <br \/>28. PIERLAY Adam UC LIANCOURT RANTIGNY U11-1 <br \/>29. ESPINET Julian U11 <br \/>30. LEONARD OURIET Florie AC NESLE U11 <\/p>\n<p><strong>U9<\/strong> <br \/>11. JABIOL Tim TC BEAUVAIS U9-2 <br \/>12. COLAS Matteo A. SOISY ENGHIEN LA BARRE U9-2 <br \/>13. BARA Alexis UC LIANCOURT RANTIGNY U9-2 <br \/>14. FRANCLIN Eliott EC CHATEAU THIERRY U9-1 <br \/>15. POULAIN Elven UC LIANCOURT RANTIGNY U9-2 <br \/>16. GRIMAUX Tom TEAM OISE ORGANISATION U9-2 <br \/>17. NATIVEL Maxence E.GISORSIENNE U9-1 <br \/>18. DEPAUX-FOLLIC Bryan TC BEAUVAIS U9-2 <br \/>19. CARON Julia SC VAL D&rsquo;ARRE U9-2 <br \/>20. DIEU Aywenn UC LIANCOURT RANTIGNY U9-1 <br \/>21. BOUVERET Ma\u00ebl E.GISORSIENNE U9-2 <br \/>22. COPIN Maxence E.GISORSIENNE U9-1 <br \/>23. HELBERT Hugo SC VAL D&rsquo;ARRE U9-1 <br \/>24. BEDU Jeanne TC BEAUVAIS U9-1 <br \/>25. BLANCHARD Auguste E.GISORSIENNE U9-1 <br \/>26. ESPINET Elise U9<\/p>\n<p><strong>U7<\/strong> <br \/>1. PHILIPPE LINDAUER Gabin SC VAL D&rsquo;ARRE U7-2 <br \/>2. ROHART Robin UC LIANCOURT RANTIGNY U7-2 <br \/>3. VERRAGES Arthur <br \/>4. POIRE Leia Verena US EZANVILLE ECOUEN U7-2 <br \/>5. PENVEN Marceau NL U7 <br \/>6. RENAULT Christina UC LIANCOURT RANTIGNY U7-2 <br \/>7. BAUDET Leo TC BEAUVAIS U7-2<\/p>\n<p>Remerciements \u00e0 Dominique B\u00e9cart.<\/p>\n","protected":false},"excerpt":{"rendered":"Matys Grisel (Lotto Development Team) a remport\u00e9, ce samedi, le cyclo-cross Arnaud Coyot disput\u00e9 \u00e0 Ons-en-Bray (Oise) et&hellip;\n","protected":false},"author":2,"featured_media":552201,"comment_status":"","ping_status":"","sticky":false,"template":"","format":"standard","meta":{"footnotes":""},"categories":[1411],"tags":[834,828,836,829,837,827,83,826,824,823,1154,207,814,817,815,816,822,821,832,211,839,1011,27,820,818,819,835,831,830,833,838,60,212,208,825],"class_list":{"0":"post-552200","1":"post","2":"type-post","3":"status-publish","4":"format-standard","5":"has-post-thumbnail","7":"category-cyclisme","8":"tag-attaque","9":"tag-belgique","10":"tag-braquet","11":"tag-bretagne","12":"tag-chute","13":"tag-competition","14":"tag-coupe-de-france","15":"tag-coureur","16":"tag-course-cyclisme","17":"tag-course-cycliste","18":"tag-cycling","19":"tag-cyclisme","20":"tag-direct","21":"tag-direct-velo","22":"tag-directvelo","23":"tag-directvelo-com","24":"tag-epreuve","25":"tag-epreuve-cycliste","26":"tag-federation-francaise-de-cyclisme","27":"tag-ffc","28":"tag-flandres","29":"tag-fr","30":"tag-france","31":"tag-live","32":"tag-live-course","33":"tag-live-epreuve","34":"tag-peloton","35":"tag-radio-peloton","36":"tag-radio-tour","37":"tag-ravitaillement","38":"tag-relance","39":"tag-sports","40":"tag-uci","41":"tag-velo","42":"tag-velos"},"share_on_mastodon":{"url":"https:\/\/pubeurope.com\/@fr\/115595807633444652","error":""},"_links":{"self":[{"href":"https:\/\/www.europesays.com\/fr\/wp-json\/wp\/v2\/posts\/552200","targetHints":{"allow":["GET"]}}],"collection":[{"href":"https:\/\/www.europesays.com\/fr\/wp-json\/wp\/v2\/posts"}],"about":[{"href":"https:\/\/www.europesays.com\/fr\/wp-json\/wp\/v2\/types\/post"}],"author":[{"embeddable":true,"href":"https:\/\/www.europesays.com\/fr\/wp-json\/wp\/v2\/users\/2"}],"replies":[{"embeddable":true,"href":"https:\/\/www.europesays.com\/fr\/wp-json\/wp\/v2\/comments?post=552200"}],"version-history":[{"count":0,"href":"https:\/\/www.europesays.com\/fr\/wp-json\/wp\/v2\/posts\/552200\/revisions"}],"wp:featuredmedia":[{"embeddable":true,"href":"https:\/\/www.europesays.com\/fr\/wp-json\/wp\/v2\/media\/552201"}],"wp:attachment":[{"href":"https:\/\/www.europesays.com\/fr\/wp-json\/wp\/v2\/media?parent=552200"}],"wp:term":[{"taxonomy":"category","embeddable":true,"href":"https:\/\/www.europesays.com\/fr\/wp-json\/wp\/v2\/categories?post=552200"},{"taxonomy":"post_tag","embeddable":true,"href":"https:\/\/www.europesays.com\/fr\/wp-json\/wp\/v2\/tags?post=552200"}],"curies":[{"name":"wp","href":"https:\/\/api.w.org\/{rel}","templated":true}]}}