{"id":552204,"date":"2025-11-22T22:54:13","date_gmt":"2025-11-22T22:54:13","guid":{"rendered":"https:\/\/www.europesays.com\/fr\/552204\/"},"modified":"2025-11-22T22:54:13","modified_gmt":"2025-11-22T22:54:13","slug":"pousse-la-gene-sest-invitee-entre-lacteur","status":"publish","type":"post","link":"https:\/\/www.europesays.com\/fr\/552204\/","title":{"rendered":"\u00ab\u00a0Pouss\u00e9&#8230;\u00a0\u00bb, la g\u00eane s&rsquo;est invit\u00e9e entre l&rsquo;acteur &#8230;"},"content":{"rendered":"<p>EN BREF<\/p>\n<ul class=\"bloc_resume_post_list\">\n<li>Chaque ann\u00e9e en mai, Cannes accueille le Festival de<br \/>\nCannes, un \u00e9v\u00e9nement cin\u00e9matographique majeur avec des stars comme<br \/>\nSophie Marceau et Zaho de Sagazan.<\/li>\n<li>Pierre Niney se souvient de sa rencontre g\u00eanante avec<br \/>\nBrad Pitt lors du Festival de Cannes 2006, o\u00f9 il a \u00e9t\u00e9 d\u00e9plac\u00e9 par<br \/>\nl\u00a0\u00bbacteur.<\/li>\n<li>Un autre souvenir marquant de Pierre Niney est son refus<br \/>\nd&rsquo;autographe par Pascal L\u00e9gitimus, un moment d&rsquo;enfance qu&rsquo;il n&rsquo;a<br \/>\njamais oubli\u00e9.<\/li>\n<\/ul>\n<p class=\"p1\">Un \u00e9v\u00e9nement que ne rateraient pour rien au monde<br \/>\ncin\u00e9philes et c\u00e9l\u00e9brit\u00e9s. Chaque ann\u00e9e, au mois de mai, <strong>la<br \/>\nville de Cannes c\u00e9l\u00e8bre le 7 art<\/strong>. Le plus glamour des<br \/>\nfestivals de cin\u00e9ma d\u00e9roule le tapis rouge \u00e0 des r\u00e9alisateurs de<br \/>\ntous horizons, mais aussi \u00e0 des stars internationales. Un r\u00e9gal<br \/>\npour les paparazzis mass\u00e9s de part et d&rsquo;autre du tapis rouge.<\/p>\n<p class=\"p1\">Quiconque a d\u00e9j\u00e0 fray\u00e9 avec les invit\u00e9s du Festival<br \/>\nde Cannes garde en m\u00e9moire des souvenirs inoubliables. Parmi<br \/>\n<strong>les anecdotes truculentes<\/strong>, citons par exemple<br \/>\n<strong>l&rsquo;accident vestimentaire dont a \u00e9t\u00e9 victime<\/strong><br \/>\n<a href=\"https:\/\/www.telestar.fr\/people\/cannes-j-2-sophie-marceau-teton-gate-sur-le-tapis-rouge-et-pas-quune-seule-fois-1721647\" target=\"_blank\" rel=\"noopener\"><br \/>\nSophie Marceau<\/a> au pied du Palais des Festivals, ou encore<br \/>\n<strong>la mont\u00e9e des marches en chaussettes de Zaho de<br \/>\nSagazan<\/strong>.<\/p>\n<p>Pierre Niney : ce moment de g\u00eane avec Brad Pitt<\/p>\n<p class=\"p1\"><a href=\"https:\/\/www.telestar.fr\/people\/serrer-le-perinee-la-conference-de-presse-de-pierre-niney-prend-un-tournant-inattenu-la-salle-hilare-1674676\" target=\"_blank\" rel=\"noopener\"><br \/>\nPierre Niney, lui, n&rsquo;a jamais oubli\u00e9 son premier passage au<br \/>\nFestival de Cannes, en 2006.<\/a> L&rsquo;acteur \u00e9tait alors <strong>\u00e2g\u00e9<br \/>\nde 17 ans<\/strong> et venait de tourner dans un court-m\u00e9trage.<br \/>\nCette ann\u00e9e-l\u00e0, Brad Pitt accompagnait un film du r\u00e9alisateur<br \/>\nAlejandro Gonz\u00e1lez I\u00f1\u00e1rritu, Babel, avec Cate<br \/>\nBlanchett.<\/p>\n<p class=\"p1\">\u00ab\u00a0<strong>J&rsquo;ai rencontr\u00e9 Brad Pitt.<\/strong><br \/>\nEnfin, il a plut\u00f4t rencontr\u00e9 mon dos&#8230; J&rsquo;ai cru que c&rsquo;\u00e9tait pour<br \/>\nnous et je me suis dis &lsquo;Waouh, Cannes c&rsquo;est un vrai truc !&rsquo;<br \/>\nEt l\u00e0, <strong>une main m&rsquo;a d\u00e9cal\u00e9&#8230; C&rsquo;\u00e9tait Brad Pitt. Il m&rsquo;a<br \/>\ndit<\/strong> <strong>&lsquo;Sorry&rsquo;<\/strong> <strong>et m&rsquo;a<br \/>\ngentiment pouss\u00e9\u2026<\/strong> C&rsquo;\u00e9tait ma rencontre avec lui, et avec<br \/>\nl&rsquo;humilit\u00e9 aussi\u00a0\u00bb, raconte l&rsquo;interpr\u00e8te du Comte de<br \/>\nMonte-Cristo dans une interview relay\u00e9e par<br \/>\nAuf\u00e9minin.<\/p>\n<p>Pierre Niney : son autre moment de<br \/>\ng\u00eane avec un acteur fran\u00e7ais<\/p>\n<p class=\"p1\">S&rsquo;il compte aujourd&rsquo;hui parmi les grands noms du<br \/>\ncin\u00e9ma, Pierre Niney n&rsquo;admire pas moins ses pairs. Lors de son<br \/>\npassage <strong>dans l&rsquo;\u00e9mission Hot Ones<\/strong>, <a href=\"https:\/\/www.telestar.fr\/people\/pierre-niney-avec-qui-est-il-en-couple-1673844\" target=\"_blank\" rel=\"noopener\"><br \/>\nle compagnon de Natasha Andrews<\/a> a \u00e9voqu\u00e9 <strong>un moment de<br \/>\ng\u00eane apr\u00e8s s&rsquo;\u00eatre vu refuser un autographe<\/strong> de l&rsquo;une de ses<br \/>\nidoles, <strong>Pascal L\u00e9gitimus<\/strong>, sur le tournage de<br \/>\nCrimes en s\u00e9rie, en 1999<\/p>\n<p class=\"p1\">Peu apr\u00e8s avoir livr\u00e9 cette confidence, l&rsquo;ex-membre<br \/>\ndes Inconnus a fait son apparition en plateau. \u00ab\u00a0C&rsquo;est<br \/>\n<strong>un petit trauma d&rsquo;enfance<\/strong> que vous \u00eates en train<br \/>\nde r\u00e9soudre, l\u00e0, parce que je l&rsquo;avais pas eu, mon<br \/>\nautographe\u00a0[\u2026] Dans ma famille, c&rsquo;est un grand truc, le fait<br \/>\nque je n&rsquo;avais pas r\u00e9ussi \u00e0 avoir ton autographe. Tu tournais dans<br \/>\nl&rsquo;immeuble, on \u00e9tait all\u00e9s voir l\u00e0-haut, on \u00e9tait<br \/>\nretourn\u00e9s\u00a0[en bas] [\u2026] et on n&rsquo;a pas<br \/>\nr\u00e9ussi.\u00a0\u00bb<\/p>\n","protected":false},"excerpt":{"rendered":"EN BREF Chaque ann\u00e9e en mai, Cannes accueille le Festival de Cannes, un \u00e9v\u00e9nement cin\u00e9matographique majeur avec des&hellip;\n","protected":false},"author":2,"featured_media":552205,"comment_status":"","ping_status":"","sticky":false,"template":"","format":"standard","meta":{"footnotes":""},"categories":[1359],"tags":[548,2134,58,59,1011,27,973,17758],"class_list":{"0":"post-552204","1":"post","2":"type-post","3":"status-publish","4":"format-standard","5":"has-post-thumbnail","7":"category-people","8":"tag-article-simple","9":"tag-brad-pitt","10":"tag-divertissement","11":"tag-entertainment","12":"tag-fr","13":"tag-france","14":"tag-people","15":"tag-pierre-niney"},"share_on_mastodon":{"url":"https:\/\/pubeurope.com\/@fr\/115595815429644373","error":""},"_links":{"self":[{"href":"https:\/\/www.europesays.com\/fr\/wp-json\/wp\/v2\/posts\/552204","targetHints":{"allow":["GET"]}}],"collection":[{"href":"https:\/\/www.europesays.com\/fr\/wp-json\/wp\/v2\/posts"}],"about":[{"href":"https:\/\/www.europesays.com\/fr\/wp-json\/wp\/v2\/types\/post"}],"author":[{"embeddable":true,"href":"https:\/\/www.europesays.com\/fr\/wp-json\/wp\/v2\/users\/2"}],"replies":[{"embeddable":true,"href":"https:\/\/www.europesays.com\/fr\/wp-json\/wp\/v2\/comments?post=552204"}],"version-history":[{"count":0,"href":"https:\/\/www.europesays.com\/fr\/wp-json\/wp\/v2\/posts\/552204\/revisions"}],"wp:featuredmedia":[{"embeddable":true,"href":"https:\/\/www.europesays.com\/fr\/wp-json\/wp\/v2\/media\/552205"}],"wp:attachment":[{"href":"https:\/\/www.europesays.com\/fr\/wp-json\/wp\/v2\/media?parent=552204"}],"wp:term":[{"taxonomy":"category","embeddable":true,"href":"https:\/\/www.europesays.com\/fr\/wp-json\/wp\/v2\/categories?post=552204"},{"taxonomy":"post_tag","embeddable":true,"href":"https:\/\/www.europesays.com\/fr\/wp-json\/wp\/v2\/tags?post=552204"}],"curies":[{"name":"wp","href":"https:\/\/api.w.org\/{rel}","templated":true}]}}