{"id":552217,"date":"2025-11-22T23:04:14","date_gmt":"2025-11-22T23:04:14","guid":{"rendered":"https:\/\/www.europesays.com\/fr\/552217\/"},"modified":"2025-11-22T23:04:14","modified_gmt":"2025-11-22T23:04:14","slug":"pierre-niney-mais-alors-vraiment-il-recadre-emmanuel-macron-et-ca-pique","status":"publish","type":"post","link":"https:\/\/www.europesays.com\/fr\/552217\/","title":{"rendered":"Pierre Niney : \u00ab\u00a0Mais alors vraiment&#8230;\u00a0\u00bb, il recadre Emmanuel Macron et \u00e7a pique"},"content":{"rendered":"<p><strong>Visage embl\u00e9matique du cin\u00e9ma fran\u00e7ais<\/strong> depuis<br \/>\nd\u00e9j\u00e0 plus d&rsquo;une d\u00e9cennie. Pierre Niney a r\u00e9cemment connu un immense<br \/>\nsucc\u00e8s en interpr\u00e9tant le r\u00f4le-titre de <a href=\"https:\/\/www.telestar.fr\/culture\/le-comte-de-monte-cristo-ou-a-ete-tourne-le-film-avec-pierre-niney-1703490\" rel=\"nofollow noopener\" target=\"_blank\"><br \/>\nla nouvelle adaptation du Comte de Monte-Cristo sur grand<br \/>\n\u00e9cran<\/a>. Ayant d\u00e9croch\u00e9 le C\u00e9sar du meilleur acteur en 2015 pour<br \/>\navoir incarn\u00e9 le personnage d&rsquo;Yves-Saint-Laurent dans le biopic<br \/>\n\u00e9ponyme. Le com\u00e9dien n&rsquo;h\u00e9site jamais \u00e0 exprimer ses opinion haut et<br \/>\nfort. Que ce soit dans les m\u00e9dias ou sur les r\u00e9seaux sociaux.<\/p>\n<p>Par exemple, il avait d\u00e9plor\u00e9 que le fait que la fermeture des<br \/>\nlieux culturels soit prolong\u00e9e pendant la crise sanitaire en 2021.<br \/>\nAlors que d&rsquo;autres \u00e9tablissements accueillant un large public<br \/>\navaient d\u00e9j\u00e0 rouvert. \u00ab\u00a0100 jours sans aucun mus\u00e9e. <strong>Mais<br \/>\navec tous les lieux de culte.<\/strong> <a href=\"https:\/\/www.closermag.fr\/people\/pierreniney-son-coup-de-gueule-pour-les-100-jours-sans-cinemas-theatres-ni-musees-1243874#item=1\" rel=\"nofollow noopener\" target=\"_blank\"><br \/>\n100 jours sans aucun cin\u00e9ma.<\/a> Mais avec tous les grands<br \/>\nmagasins. 100 jours sans aucun th\u00e9\u00e2tre. Mais avec tous les avions<br \/>\no\u00f9 l&rsquo;on mange en m\u00eame temps&#8230;\u00a0\u00bb, avait-il premi\u00e8rement \u00e9crit<br \/>\nsur Instagram.<\/p>\n<p>L&rsquo;acteur c\u00e9saris\u00e9 avait obtenu une r\u00e9ponse de Roselyne Bachelot<br \/>\nsur la fermeture des lieux de culture durant la pand\u00e9mie en<br \/>\n2021<\/p>\n<p>\u00ab\u00a0Franchement, c&rsquo;est dur de se dire que tous les commerces,<br \/>\navions, trains et grandes surfaces de France peuvent accueillir du<br \/>\npublic&#8230;\u00a0Mais pas les cin\u00e9mas et les th\u00e9\u00e2tres qui<br \/>\nont fait tant d&rsquo;efforts pour <strong>\u00eatre des lieux irr\u00e9prochables<br \/>\nsanitairement&#8230;<\/strong>\u00ab\u00a0, avait \u00e9galement ajout\u00e9 Pierre<br \/>\nNiney. Occupant le poste de ministre de la Culture \u00e0 l&rsquo;\u00e9poque.<br \/>\nRoselyne Bachelot avait alors r\u00e9pondu au com\u00e9dien.<\/p>\n<p>\u00ab\u00a0Cher Pierre Niney, oui ce que nous vivons est tr\u00e8s dur. Il<br \/>\nfaut tenir bon. La pand\u00e9mie flambe partout en Europe. <strong>Rien<br \/>\nn&rsquo;est stabilis\u00e9.<\/strong><strong>\u00a0<\/strong>Le plus<br \/>\nterrible serait de rouvrir. Et d&rsquo;\u00eatre contraint de refermer apr\u00e8s<br \/>\nles f\u00eates.\u00a0Je serai \u00e0 vos c\u00f4t\u00e9s pour surmonter cette<br \/>\ncrise \u00e9pouvantable\u00a0\u00bb, avait ainsi lanc\u00e9 celle qui a depuis<br \/>\nquitt\u00e9 le gouvernement fran\u00e7ais.<\/p>\n<blockquote class=\"twitter-tweet\"><p><a class=\"twitter-link\" rel=\"noindex, nofollow noopener\" href=\"https:\/\/twitter.com\/pierreniney\/status\/1610049161021227008\" target=\"_blank\"><\/p><\/blockquote>\n<p>Pierre Niney : sa remarque sarcastique<br \/>\n\u00e0 l&rsquo;attention d&rsquo;Emmanuel Macron n&rsquo;\u00e9tait pas pass\u00e9e inaper\u00e7ue en<br \/>\n2023<\/p>\n<p>\u00ab\u00a0Rien ne prouve que ces salles soient plus propagatrices du<br \/>\nvirus que tous les autres commerces de France.\u00a0Selon<br \/>\ntoute logique (public silencieux + masques + distances)<br \/>\n<strong>elles comptent m\u00eame parmi les plus s\u00fbres<\/strong>\u00ab\u00a0,<br \/>\nlui avait alors r\u00e9torqu\u00e9 Pierre Niney. L&rsquo;acteur n&rsquo;avait pas non<br \/>\nplus h\u00e9sit\u00e9 a recadrer <a href=\"https:\/\/www.closermag.fr\/politique\/emmanuel-macron-insupportable-en-fin-de-vie-ce-celebre-journaliste-lui-adresse-une-lettre-glacante-3591567\" rel=\"nofollow noopener\" target=\"_blank\"><br \/>\nle pr\u00e9sident de la R\u00e9publique, Emmanuel Macron<\/a>, juste apr\u00e8s la<br \/>\ndiffusion de ses traditionnels v\u0153ux aux fran\u00e7ais pour la nouvelle<br \/>\nann\u00e9e le samedi 31 d\u00e9cembre 2022.<\/p>\n<p>En fait, Pierre Niney avait \u00e9t\u00e9 choqu\u00e9, comme beaucoup d&rsquo;autres<br \/>\npersonnes, par la phrase suivante : \u00ab\u00a0Qui aurait pu pr\u00e9dire la<br \/>\nvague d\u2019inflation, ainsi d\u00e9clench\u00e9e ? Ou la crise climatique aux<br \/>\neffets spectaculaires encore cet \u00e9t\u00e9 dans notre pays ?\u00a0\u00bb. Le<br \/>\ncom\u00e9dien avait alors r\u00e9pondu de mani\u00e8re sarcastique au chef de<br \/>\nl&rsquo;Etat sur X : \u00ab\u00a0<strong>Mais alors vraiment uniquement les<br \/>\nsp\u00e9cialistes\u2026<\/strong>\u00ab\u00a0.<\/p>\n<p><script async src=\"https:\/\/platform.twitter.com\/widgets.js\" charset=\"utf-8\"><\/script><\/p>\n","protected":false},"excerpt":{"rendered":"Visage embl\u00e9matique du cin\u00e9ma fran\u00e7ais depuis d\u00e9j\u00e0 plus d&rsquo;une d\u00e9cennie. Pierre Niney a r\u00e9cemment connu un immense succ\u00e8s&hellip;\n","protected":false},"author":2,"featured_media":552218,"comment_status":"","ping_status":"","sticky":false,"template":"","format":"standard","meta":{"footnotes":""},"categories":[8],"tags":[10281,58,59,1011,27,17758,65861],"class_list":{"0":"post-552217","1":"post","2":"type-post","3":"status-publish","4":"format-standard","5":"has-post-thumbnail","7":"category-divertissement","8":"tag-buzz-nonli","9":"tag-divertissement","10":"tag-entertainment","11":"tag-fr","12":"tag-france","13":"tag-pierre-niney","14":"tag-trend"},"share_on_mastodon":{"url":"https:\/\/pubeurope.com\/@fr\/115595854826219627","error":""},"_links":{"self":[{"href":"https:\/\/www.europesays.com\/fr\/wp-json\/wp\/v2\/posts\/552217","targetHints":{"allow":["GET"]}}],"collection":[{"href":"https:\/\/www.europesays.com\/fr\/wp-json\/wp\/v2\/posts"}],"about":[{"href":"https:\/\/www.europesays.com\/fr\/wp-json\/wp\/v2\/types\/post"}],"author":[{"embeddable":true,"href":"https:\/\/www.europesays.com\/fr\/wp-json\/wp\/v2\/users\/2"}],"replies":[{"embeddable":true,"href":"https:\/\/www.europesays.com\/fr\/wp-json\/wp\/v2\/comments?post=552217"}],"version-history":[{"count":0,"href":"https:\/\/www.europesays.com\/fr\/wp-json\/wp\/v2\/posts\/552217\/revisions"}],"wp:featuredmedia":[{"embeddable":true,"href":"https:\/\/www.europesays.com\/fr\/wp-json\/wp\/v2\/media\/552218"}],"wp:attachment":[{"href":"https:\/\/www.europesays.com\/fr\/wp-json\/wp\/v2\/media?parent=552217"}],"wp:term":[{"taxonomy":"category","embeddable":true,"href":"https:\/\/www.europesays.com\/fr\/wp-json\/wp\/v2\/categories?post=552217"},{"taxonomy":"post_tag","embeddable":true,"href":"https:\/\/www.europesays.com\/fr\/wp-json\/wp\/v2\/tags?post=552217"}],"curies":[{"name":"wp","href":"https:\/\/api.w.org\/{rel}","templated":true}]}}