{"id":552225,"date":"2025-11-22T23:08:18","date_gmt":"2025-11-22T23:08:18","guid":{"rendered":"https:\/\/www.europesays.com\/fr\/552225\/"},"modified":"2025-11-22T23:08:18","modified_gmt":"2025-11-22T23:08:18","slug":"a-auch-premiere-operation-coup-de-poing-apres-le-congres-de-la-coordination-rurale","status":"publish","type":"post","link":"https:\/\/www.europesays.com\/fr\/552225\/","title":{"rendered":"A Auch, premi\u00e8re op\u00e9ration coup de poing apr\u00e8s le\u00a0congr\u00e8s de\u00a0la\u00a0Coordination rurale"},"content":{"rendered":"<p>                     <img loading=\"lazy\" decoding=\"async\" src=\"https:\/\/www.europesays.com\/fr\/wp-content\/uploads\/2025\/11\/99e6289_ftp-import-images-1-9biqlmi8zlwd-5469952-01-06.jpg\" alt=\"Bertrand Venteau lors du 32\u1d49 Congr\u00e8s national de la Coordination rurale, \u00e0 Auch, le 19\u00a0novembre 2025.\"   width=\"664\" height=\"443\"\/>    Bertrand Venteau lors du 32\u1d49 Congr\u00e8s national de la Coordination rurale, \u00e0 Auch, le 19\u00a0novembre 2025.  VALENTINE CHAPUIS \/ AFP                 <\/p>\n<p class=\"article__paragraph  \">Dans la soir\u00e9e de vendredi 21\u00a0novembre, aux alentours de 22\u00a0heures, environ 60\u00a0engins agricoles et 100\u00a0agriculteurs de la Coordination rurale (CR) venus de tout le d\u00e9partement du Gers ont engag\u00e9 leur premi\u00e8re op\u00e9ration coup de poing \u00e0 Auch, la premi\u00e8re \u00e0 faire suite \u00e0 leur 32e\u00a0congr\u00e8s annuel, qui se tenait les 18\u00a0et 19\u00a0novembre dans la pr\u00e9fecture gersoise. Leur cible prioritaire\u00a0: la direction d\u00e9partementale des territoires (DDT) ainsi que des \u00e9tablissements bancaires de la ville \u2013 notamment le Cr\u00e9dit agricole, devant lesquels ils ont d\u00e9pos\u00e9 de la paille, des pneus et divers d\u00e9chets. Cette fois, les agriculteurs en col\u00e8re ont soigneusement \u00e9vit\u00e9 le centre-ville et la pr\u00e9fecture, officiellement \u00ab\u00a0pour ne pas trop g\u00eaner les Auscitains\u00a0\u00bb\u2026 mais probablement surtout parce que cette zone \u00e9tait prot\u00e9g\u00e9e par une forte mobilisation des forces de l\u2019ordre.<\/p>\n<p class=\"article__paragraph  \">\u00ab\u00a0Nous avions annonc\u00e9 la reprise des mobilisations lors de notre congr\u00e8s national. A la CR32, on \u00e9tait donc sur place pour agir tout de suite\u00a0\u00bb, a lanc\u00e9 Lionel Candelon, ancien pr\u00e9sident de la Coordination rurale du Gers, \u00e9lu pr\u00e9sident de la chambre d\u2019agriculture au d\u00e9but de\u00a02025, qui justifiait sa pr\u00e9sence \u00ab\u00a0en tant que simple agriculteur en difficult\u00e9 comme les autres pour dire la grande d\u00e9tresse des fili\u00e8res dans le Gers\u00a0\u00bb. \u00ab\u00a0Pas d\u2019incident mais une mobilisation historique, jugeait-il encore. On ne s\u2019attendait pas \u00e0 un tel nombre de tracteurs. Et au flot de bennes de d\u00e9chets vid\u00e9es devant la DDT\u00a0: 15 tonnes multipli\u00e9es par 30\u00a0bennes, cela fait 450\u00a0tonnes d\u00e9vers\u00e9es\u00a0!\u00a0\u00bb<\/p>\n<p class=\"reading-mode-only \"><strong>Il vous reste 59.07% de cet article \u00e0 lire. La suite est r\u00e9serv\u00e9e aux abonn\u00e9s.<\/strong><\/p>\n","protected":false},"excerpt":{"rendered":"Bertrand Venteau lors du 32\u1d49 Congr\u00e8s national de la Coordination rurale, \u00e0 Auch, le 19\u00a0novembre 2025. VALENTINE CHAPUIS&hellip;\n","protected":false},"author":2,"featured_media":552226,"comment_status":"","ping_status":"","sticky":false,"template":"","format":"standard","meta":{"footnotes":""},"categories":[4],"tags":[11,1011,27,12,25],"class_list":{"0":"post-552225","1":"post","2":"type-post","3":"status-publish","4":"format-standard","5":"has-post-thumbnail","7":"category-france","8":"tag-actualites","9":"tag-fr","10":"tag-france","11":"tag-news","12":"tag-republique-francaise"},"share_on_mastodon":{"url":"https:\/\/pubeurope.com\/@fr\/115595871389388168","error":""},"_links":{"self":[{"href":"https:\/\/www.europesays.com\/fr\/wp-json\/wp\/v2\/posts\/552225","targetHints":{"allow":["GET"]}}],"collection":[{"href":"https:\/\/www.europesays.com\/fr\/wp-json\/wp\/v2\/posts"}],"about":[{"href":"https:\/\/www.europesays.com\/fr\/wp-json\/wp\/v2\/types\/post"}],"author":[{"embeddable":true,"href":"https:\/\/www.europesays.com\/fr\/wp-json\/wp\/v2\/users\/2"}],"replies":[{"embeddable":true,"href":"https:\/\/www.europesays.com\/fr\/wp-json\/wp\/v2\/comments?post=552225"}],"version-history":[{"count":0,"href":"https:\/\/www.europesays.com\/fr\/wp-json\/wp\/v2\/posts\/552225\/revisions"}],"wp:featuredmedia":[{"embeddable":true,"href":"https:\/\/www.europesays.com\/fr\/wp-json\/wp\/v2\/media\/552226"}],"wp:attachment":[{"href":"https:\/\/www.europesays.com\/fr\/wp-json\/wp\/v2\/media?parent=552225"}],"wp:term":[{"taxonomy":"category","embeddable":true,"href":"https:\/\/www.europesays.com\/fr\/wp-json\/wp\/v2\/categories?post=552225"},{"taxonomy":"post_tag","embeddable":true,"href":"https:\/\/www.europesays.com\/fr\/wp-json\/wp\/v2\/tags?post=552225"}],"curies":[{"name":"wp","href":"https:\/\/api.w.org\/{rel}","templated":true}]}}