{"id":552235,"date":"2025-11-22T23:14:15","date_gmt":"2025-11-22T23:14:15","guid":{"rendered":"https:\/\/www.europesays.com\/fr\/552235\/"},"modified":"2025-11-22T23:14:15","modified_gmt":"2025-11-22T23:14:15","slug":"vainqueurs-de-nancy-les-verts-reprennent-de-la-hauteur","status":"publish","type":"post","link":"https:\/\/www.europesays.com\/fr\/552235\/","title":{"rendered":"vainqueurs de Nancy, les Verts reprennent de la hauteur"},"content":{"rendered":"<p>ASSE &#8211; Nancy<\/p>\n<p>2-1<\/p>\n<p>D\u00e9barqu\u00e9s de la premi\u00e8re place fin septembre apr\u00e8s leur d\u00e9faite contre Guingamp (2-3), les St\u00e9phanois n\u2019ont pas retrouv\u00e9 leur bien. Mais ils s\u2019en rapprochent. D\u00e9sormais dauphins de Troyes, qui pointe en t\u00eate avec deux points d\u2019avance, ils s\u2019installent \u00e0 un strapontin synonyme de mont\u00e9e directe plus conforme \u00e0 leurs (hautes) ambitions.<\/p>\n<p>La Ligue 1 ne va cependant pas s\u2019offrir \u00e0 eux juste parce qu\u2019ils le d\u00e9sirent. Il en faudra beaucoup plus \u00e0 ces Verts aux deux visages dans leur expression collective pour esp\u00e9rer revoir l\u2019\u00e9lite.<\/p>\n<p>Le coffre-fort nanc\u00e9ien<\/p>\n<p>Pendant pratiquement une demi-heure, il ne s\u2019est rien pass\u00e9 ou presque sur l\u2019aire de jeu. L\u2019animation est venue des tribunes, avec le craquage de fumig\u00e8nes en forme de 76 des Magics fans en r\u00e9f\u00e9rence \u00e0 la&#8230;<\/p>\n","protected":false},"excerpt":{"rendered":"ASSE &#8211; Nancy 2-1 D\u00e9barqu\u00e9s de la premi\u00e8re place fin septembre apr\u00e8s leur d\u00e9faite contre Guingamp (2-3), les&hellip;\n","protected":false},"author":2,"featured_media":552236,"comment_status":"","ping_status":"","sticky":false,"template":"","format":"standard","meta":{"footnotes":""},"categories":[9635],"tags":[1111,11,4000,7539,1777,674,107,63,1011,27,775,4002,3367,1702,12,25,4001,7538,517],"class_list":{"0":"post-552235","1":"post","2":"type-post","3":"status-publish","4":"format-standard","5":"has-post-thumbnail","7":"category-nancy","8":"tag-actu","9":"tag-actualites","10":"tag-asse-as-saint-etienne-football","11":"tag-edition-loire-sud","12":"tag-eu","13":"tag-europe","14":"tag-fil-info","15":"tag-football","16":"tag-fr","17":"tag-france","18":"tag-grand-est","19":"tag-haute-loire","20":"tag-loire","21":"tag-nancy","22":"tag-news","23":"tag-republique-francaise","24":"tag-saint-etienne","25":"tag-saint-etienne-ville","26":"tag-sport"},"share_on_mastodon":{"url":"https:\/\/pubeurope.com\/@fr\/115595894016585572","error":""},"_links":{"self":[{"href":"https:\/\/www.europesays.com\/fr\/wp-json\/wp\/v2\/posts\/552235","targetHints":{"allow":["GET"]}}],"collection":[{"href":"https:\/\/www.europesays.com\/fr\/wp-json\/wp\/v2\/posts"}],"about":[{"href":"https:\/\/www.europesays.com\/fr\/wp-json\/wp\/v2\/types\/post"}],"author":[{"embeddable":true,"href":"https:\/\/www.europesays.com\/fr\/wp-json\/wp\/v2\/users\/2"}],"replies":[{"embeddable":true,"href":"https:\/\/www.europesays.com\/fr\/wp-json\/wp\/v2\/comments?post=552235"}],"version-history":[{"count":0,"href":"https:\/\/www.europesays.com\/fr\/wp-json\/wp\/v2\/posts\/552235\/revisions"}],"wp:featuredmedia":[{"embeddable":true,"href":"https:\/\/www.europesays.com\/fr\/wp-json\/wp\/v2\/media\/552236"}],"wp:attachment":[{"href":"https:\/\/www.europesays.com\/fr\/wp-json\/wp\/v2\/media?parent=552235"}],"wp:term":[{"taxonomy":"category","embeddable":true,"href":"https:\/\/www.europesays.com\/fr\/wp-json\/wp\/v2\/categories?post=552235"},{"taxonomy":"post_tag","embeddable":true,"href":"https:\/\/www.europesays.com\/fr\/wp-json\/wp\/v2\/tags?post=552235"}],"curies":[{"name":"wp","href":"https:\/\/api.w.org\/{rel}","templated":true}]}}