{"id":552242,"date":"2025-11-22T23:20:41","date_gmt":"2025-11-22T23:20:41","guid":{"rendered":"https:\/\/www.europesays.com\/fr\/552242\/"},"modified":"2025-11-22T23:20:41","modified_gmt":"2025-11-22T23:20:41","slug":"quel-est-ce-parc-pres-de-rouen-qui-va-ravir-les-parents-et-leurs-enfants","status":"publish","type":"post","link":"https:\/\/www.europesays.com\/fr\/552242\/","title":{"rendered":"Quel est ce parc pr\u00e8s de Rouen, qui va ravir les parents (et leurs enfants)\u00a0?"},"content":{"rendered":"<p>                    Par<br \/>\n        <strong><br \/>\n            <a href=\"https:\/\/actu.fr\/auteur\/emilien-jacques\" title=\"Consulter tous les articles de Emilien Jacques\" rel=\"nofollow noopener\" target=\"_blank\">Emilien Jacques<\/a><br \/>\n                    <\/strong><\/p>\n<p>        Publi\u00e9 le<\/p>\n<p>            22 nov. 2025 \u00e0 18h27        <\/p>\n<p>Le long de la route principale qui traverse le village de <a href=\"https:\/\/actu.fr\/normandie\/martainville-epreville_76412\" rel=\"nofollow noopener\" target=\"_blank\">Martainville (Seine-Maritime)<\/a>, entre le parking de son r\u00e9put\u00e9 mus\u00e9e des Traditions et Arts Normands et le grand verger du Ch\u00e2teau, <strong>un nouvel espace est en train de voir le jour<\/strong>. Les habitants, mais aussi les nombreux visiteurs du mus\u00e9e, pourront profiter de plusieurs structures qui constitueront un lieu de vie in\u00e9dit sur la commune.<\/p>\n<p class=\" wall-content\">Explications.<\/p>\n<p>R\u00e9unir les habitants<\/p>\n<p class=\" wall-content\">\u00ab\u2009C\u2019est un verger dans lequel il ne se passait pas grand-chose, quasiment rien\u2009\u00bb, reconna\u00eet Fran\u00e7ois Arlay, premier adjoint au maire de Martainville. Il faut dire que les habitants n\u2019avaient pas grand-chose \u00e0 y faire. La municipalit\u00e9 a d\u00e9cid\u00e9 de rem\u00e9dier \u00e0 cela en cr\u00e9ant ce qui va devenir le parc de la Pommeraie.<\/p>\n<blockquote class=\"ac-article-quote wall-content\">\n<p>On avait envie de l&rsquo;ouvrir, car nous n&rsquo;avons pas de lieu pour r\u00e9unir nos habitants et leurs enfants en toute s\u00e9curit\u00e9.<\/p>\n<p>    <strong>Fran\u00e7ois Arlay<\/strong><br \/>\n        premier adjoint \u00e0 Martainville    <\/p><\/blockquote>\n<p class=\" wall-content\">En effet, les trottoirs \u00e9troits qui bordent la route principale tr\u00e8s passante ne sont clairement pas adapt\u00e9s aux balades et aux r\u00e9unions familiales. D\u2019ici \u00e0 quelques semaines, <strong>parents et enfants<\/strong> pourront donc profiter d\u2019un espace qui leur sera d\u00e9di\u00e9.<\/p>\n<p>De nouvelles activit\u00e9s<\/p>\n<p class=\" wall-content\"><strong>Une aire de jeux<\/strong> jusqu\u2019ici inexistante sur la commune est d\u00e9j\u00e0 sortie de terre. Balan\u00e7oire, toboggan et autres divertissements attendent d\u2019accueillir les petits Martainvillais qui ne manqueront pas de s\u2019amuser pendant que leurs parents pourront, pour leur part, s\u2019installer sur de nouvelles tables de pique-nique. Et pourquoi pas faire une p\u00e9tanque\u2009? Un terrain flambant neuf est d\u00e9j\u00e0 pr\u00eat pour cela.<\/p>\n<p class=\" wall-content\">Mais ce n\u2019est pas tout. Apr\u00e8s l\u2019ouverture de ce nouveau parc de la Pommeraie, pr\u00e9vu pour la fin de l\u2019ann\u00e9e, un parcours sant\u00e9 avec de multiples agr\u00e8s pour enfants de trois \u00e0 douze ans sera construit pour compl\u00e9ter une offre qui suscite d\u00e9j\u00e0 l\u2019engouement. \u00ab\u2009Il y a une vraie attente des habitants, constate Fran\u00e7ois Arlay, il y a beaucoup de parents qui attendent impatiemment l\u2019ouverture.\u2009\u00bb<\/p>\n<p>Votre r\u00e9gion, votre actu !<\/p>\n<p>Recevez chaque jour les infos qui comptent pour vous.<\/p>\n<p>\t<a href=\"https:\/\/actu.fr\/newsletter\" class=\"ac-btn ac-btn--corner ac-btn--medium ac-btn--blue800\" rel=\"nofollow noopener\" target=\"_blank\">S&rsquo;incrire<\/a><br \/>\nUne dimension p\u00e9dagogique<\/p>\n<p class=\" wall-content\">Tous ces am\u00e9nagements, dont le co\u00fbt total devrait avoisiner les <strong>100\u2009000\u00a0euros,<\/strong> ne se font pas au d\u00e9triment du verger puisque celui-ci va b\u00e9n\u00e9ficier d\u2019une attention particuli\u00e8re de la part des \u00e9lus. \u00ab\u2009Nous allons cr\u00e9er un \u00e9cop\u00e2turage, avec des moutons qui entretiendront une partie du terrain\u2009\u00bb, d\u00e9taille Fran\u00e7ois Arlay. Un fauchage tardif am\u00e8nera \u00e9galement plus de biodiversit\u00e9, pour un parc de la Pommeraie ludique et p\u00e9dagogique, en coh\u00e9rence avec son voisin, le Ch\u00e2teau de Martainville, lieu culturel reconnu.<\/p>\n<p class=\" wall-content\">Un projet ambitieux et n\u00e9cessaire selon l\u2019\u00e9lu qui annonce vouloir \u00ab\u2009faire vivre ce parc toute l\u2019ann\u00e9e\u2009\u00bb et souhaite \u00ab\u2009faire de l\u2019ouverture un v\u00e9ritable \u00e9v\u00e9nement communal.\u2009\u00bb<\/p>\n<p>Suivez l\u2019actualit\u00e9 de Rouen sur notre <a href=\"https:\/\/www.whatsapp.com\/channel\/0029VaKfnf99hXF2ddApFB1D\" rel=\"nofollow noopener\" target=\"_blank\">cha\u00eene WhatsApp<\/a> et sur notre <a href=\"https:\/\/www.tiktok.com\/@76actu.fr?lang=fr\" rel=\"nofollow noopener\" target=\"_blank\">compte TikTok<\/a><\/p>\n<p class=\" wall-content\">Personnalisez votre actualit\u00e9 en ajoutant vos villes et m\u00e9dias en favori avec <a href=\"https:\/\/moncompte.actu.fr\" title=\"D\u00e9couvez Mon Actu\" rel=\"nofollow noopener\" data-trk=\"{&quot;cta&quot;:{&quot;action&quot;:&quot;https:\\\/\\\/moncompte.actu.fr&quot;,&quot;category&quot;:&quot;mon compte&quot;,&quot;from&quot;:&quot;article footer&quot;,&quot;name&quot;:&quot;Mon actu&quot;,&quot;type&quot;:&quot;cta&quot;}}\" target=\"_blank\">Mon Actu<\/a>.<\/p>\n<p>                    <script async src=\"\/\/www.tiktok.com\/embed.js\"><\/script><\/p>\n","protected":false},"excerpt":{"rendered":"Par Emilien Jacques Publi\u00e9 le 22 nov. 2025 \u00e0 18h27 Le long de la route principale qui traverse&hellip;\n","protected":false},"author":2,"featured_media":552243,"comment_status":"","ping_status":"","sticky":false,"template":"","format":"standard","meta":{"footnotes":""},"categories":[9587],"tags":[1111,11,1719,436,1777,674,1011,27,12,5161,25,9590,104],"class_list":{"0":"post-552242","1":"post","2":"type-post","3":"status-publish","4":"format-standard","5":"has-post-thumbnail","7":"category-rouen","8":"tag-actu","9":"tag-actualites","10":"tag-enfants","11":"tag-environnement","12":"tag-eu","13":"tag-europe","14":"tag-fr","15":"tag-france","16":"tag-news","17":"tag-normandie","18":"tag-republique-francaise","19":"tag-rouen","20":"tag-societe"},"share_on_mastodon":{"url":"https:\/\/pubeurope.com\/@fr\/115595917628410275","error":""},"_links":{"self":[{"href":"https:\/\/www.europesays.com\/fr\/wp-json\/wp\/v2\/posts\/552242","targetHints":{"allow":["GET"]}}],"collection":[{"href":"https:\/\/www.europesays.com\/fr\/wp-json\/wp\/v2\/posts"}],"about":[{"href":"https:\/\/www.europesays.com\/fr\/wp-json\/wp\/v2\/types\/post"}],"author":[{"embeddable":true,"href":"https:\/\/www.europesays.com\/fr\/wp-json\/wp\/v2\/users\/2"}],"replies":[{"embeddable":true,"href":"https:\/\/www.europesays.com\/fr\/wp-json\/wp\/v2\/comments?post=552242"}],"version-history":[{"count":0,"href":"https:\/\/www.europesays.com\/fr\/wp-json\/wp\/v2\/posts\/552242\/revisions"}],"wp:featuredmedia":[{"embeddable":true,"href":"https:\/\/www.europesays.com\/fr\/wp-json\/wp\/v2\/media\/552243"}],"wp:attachment":[{"href":"https:\/\/www.europesays.com\/fr\/wp-json\/wp\/v2\/media?parent=552242"}],"wp:term":[{"taxonomy":"category","embeddable":true,"href":"https:\/\/www.europesays.com\/fr\/wp-json\/wp\/v2\/categories?post=552242"},{"taxonomy":"post_tag","embeddable":true,"href":"https:\/\/www.europesays.com\/fr\/wp-json\/wp\/v2\/tags?post=552242"}],"curies":[{"name":"wp","href":"https:\/\/api.w.org\/{rel}","templated":true}]}}