{"id":552244,"date":"2025-11-22T23:23:52","date_gmt":"2025-11-22T23:23:52","guid":{"rendered":"https:\/\/www.europesays.com\/fr\/552244\/"},"modified":"2025-11-22T23:23:52","modified_gmt":"2025-11-22T23:23:52","slug":"il-transportait-plus-dun-million-de-cigarettes-de-contrebande-un-moldave-condamne","status":"publish","type":"post","link":"https:\/\/www.europesays.com\/fr\/552244\/","title":{"rendered":"il transportait plus d&rsquo;un million de cigarettes de contrebande, un Moldave condamn\u00e9"},"content":{"rendered":"<p itemprop=\"description\"><strong>Ce vendredi, un ressortissant moldave a \u00e9t\u00e9 jug\u00e9 et condamn\u00e9 \u00e0 Grenoble.<\/strong><\/p>\n<p>Quelques jours plus t\u00f4t, il avait \u00e9t\u00e9 contr\u00f4l\u00e9 par les douaniers sur la N1091 au Freney-d&rsquo;Oisans. Dans son camion immatricul\u00e9 en Pologne, les forces de l&rsquo;ordre avaient d\u00e9couvert lundi soir plus de 6000 cartouches de contrebande, soit plus d&rsquo;un million de cigarettes.<\/p>\n<p>Le chauffeur \u00e2g\u00e9 de 28 ans a expliqu\u00e9 avoir convoy\u00e9 ce chargement tout en ignorant sa nature et sa provenance.<\/p>\n<p>Selon le Dauphin\u00e9 Lib\u00e9r\u00e9, il a \u00e9cop\u00e9 d&rsquo;un an de prison ferme et d&rsquo;une interdiction du territoire fran\u00e7ais pendant 5 ans. Une amende douani\u00e8re de la valeur de la marchandise ill\u00e9gale saisie a aussi \u00e9t\u00e9 prononc\u00e9e : 785 330 euros.<\/p>\n","protected":false},"excerpt":{"rendered":"Ce vendredi, un ressortissant moldave a \u00e9t\u00e9 jug\u00e9 et condamn\u00e9 \u00e0 Grenoble. Quelques jours plus t\u00f4t, il avait&hellip;\n","protected":false},"author":2,"featured_media":551654,"comment_status":"","ping_status":"","sticky":false,"template":"","format":"standard","meta":{"footnotes":""},"categories":[9566],"tags":[1111,11,2813,2430,1109,251,1112,2811,1777,674,118,1011,27,21780,2731,14004,1922,1110,1114,108,12,316,25,2812,517,800],"class_list":{"0":"post-552244","1":"post","2":"type-post","3":"status-publish","4":"format-standard","5":"has-post-thumbnail","7":"category-grenoble","8":"tag-actu","9":"tag-actualites","10":"tag-article","11":"tag-auvergne-rhone-alpes","12":"tag-breves","13":"tag-culture","14":"tag-depeches","15":"tag-economique","16":"tag-eu","17":"tag-europe","18":"tag-faits-divers","19":"tag-fr","20":"tag-france","21":"tag-gf38","22":"tag-grenoble","23":"tag-grenoblemag","24":"tag-info","25":"tag-informations","26":"tag-infos","27":"tag-isere","28":"tag-news","29":"tag-politique","30":"tag-republique-francaise","31":"tag-sociale","32":"tag-sport","33":"tag-transports"},"share_on_mastodon":{"url":"https:\/\/pubeurope.com\/@fr\/115595933332108134","error":""},"_links":{"self":[{"href":"https:\/\/www.europesays.com\/fr\/wp-json\/wp\/v2\/posts\/552244","targetHints":{"allow":["GET"]}}],"collection":[{"href":"https:\/\/www.europesays.com\/fr\/wp-json\/wp\/v2\/posts"}],"about":[{"href":"https:\/\/www.europesays.com\/fr\/wp-json\/wp\/v2\/types\/post"}],"author":[{"embeddable":true,"href":"https:\/\/www.europesays.com\/fr\/wp-json\/wp\/v2\/users\/2"}],"replies":[{"embeddable":true,"href":"https:\/\/www.europesays.com\/fr\/wp-json\/wp\/v2\/comments?post=552244"}],"version-history":[{"count":0,"href":"https:\/\/www.europesays.com\/fr\/wp-json\/wp\/v2\/posts\/552244\/revisions"}],"wp:featuredmedia":[{"embeddable":true,"href":"https:\/\/www.europesays.com\/fr\/wp-json\/wp\/v2\/media\/551654"}],"wp:attachment":[{"href":"https:\/\/www.europesays.com\/fr\/wp-json\/wp\/v2\/media?parent=552244"}],"wp:term":[{"taxonomy":"category","embeddable":true,"href":"https:\/\/www.europesays.com\/fr\/wp-json\/wp\/v2\/categories?post=552244"},{"taxonomy":"post_tag","embeddable":true,"href":"https:\/\/www.europesays.com\/fr\/wp-json\/wp\/v2\/tags?post=552244"}],"curies":[{"name":"wp","href":"https:\/\/api.w.org\/{rel}","templated":true}]}}