{"id":552245,"date":"2025-11-22T23:25:27","date_gmt":"2025-11-22T23:25:27","guid":{"rendered":"https:\/\/www.europesays.com\/fr\/552245\/"},"modified":"2025-11-22T23:25:27","modified_gmt":"2025-11-22T23:25:27","slug":"trois-films-bretons-danimation-nommes-aux-european-film-awards-2026","status":"publish","type":"post","link":"https:\/\/www.europesays.com\/fr\/552245\/","title":{"rendered":"Trois films bretons d\u2019animation nomm\u00e9s aux European Film Awards 2026"},"content":{"rendered":"<p>L\u2019Acad\u00e9mie europ\u00e9enne du cin\u00e9ma (AEC) a r\u00e9v\u00e9l\u00e9 cette semaine, les films nomm\u00e9s aux European Films Awards (EFA) 2026.<\/p>\n<p>Les deux derniers longs m\u00e9trages d\u2019animation de la soci\u00e9t\u00e9 rennaise Vivement Lundi\u00a0!\u00a0: Olivia\u00a0de Irene Iborra et Les contes du pommier sauvage\u00a0r\u00e9alis\u00e9 en partie par le Rennais Jean-Claude Rozec autour de la th\u00e9matique du deuil, sont nomm\u00e9s dans les cat\u00e9gories \u00ab\u00a0Meilleur film europ\u00e9en 2026\u00a0\u00bb et \u00ab\u00a0Meilleur film d\u2019animation europ\u00e9en 2026\u00a0\u00bb.<\/p>\n<p>Nomm\u00e9 \u00e9galement le film\u00a0<a href=\"https:\/\/rennes.maville.com\/actu\/actudet_-l-autrice-belge-amelie-nothomb-personnage-de-dessin-anime-_52674-6802439_actu.Htm\" target=\"_self\" rel=\"nofollow noopener\">Am\u00e9lie et la m\u00e9taphysique des tubes<\/a>  <a href=\"https:\/\/rennes.maville.com\/actu\/actudet_-l-autrice-belge-amelie-nothomb-personnage-de-dessin-anime-_52674-6802439_actu.Htm\" target=\"_self\" rel=\"nofollow noopener\">\u00a0<\/a>adapt\u00e9 du roman autobiographique d\u2019Am\u00e9lie Nothomb r\u00e9alis\u00e9 par la Bretonne <a href=\"https:\/\/rennes.maville.com\/actu\/actudet_-la-realisatrice-mailys-vallade-reanime-l-enfance-japonaise-d-amelie-nothomb-_7-6876779_actu.Htm\" target=\"_self\" rel=\"nofollow noopener\">Mailys Vallade<\/a> et Liane-Cho Han, produit par Puffin Pictures soci\u00e9t\u00e9 install\u00e9e \u00e0 Rennes sorti le 25\u00a0juin.<\/p>\n<p>Ces trois films ont \u00e9t\u00e9 produits et fabriqu\u00e9s en partie \u00e0 Rennes et soutenus par Bretagne cin\u00e9ma.<\/p>\n<p>Les 5\u00a0400\u00a0membres de l\u2019Acad\u00e9mie europ\u00e9enne du cin\u00e9ma peuvent d\u00e9sormais voter pour les films jusqu\u2019au 8\u00a0janvier. La c\u00e9r\u00e9monie des 38e EFA 2026 se tiendra le 17\u00a0janvier 2026 \u00e0 Berlin.<\/p>\n<p>\t<img decoding=\"async\" src=\"https:\/\/www.europesays.com\/fr\/wp-content\/uploads\/2025\/11\/P35596509D7076045G_px_640_.jpg\" alt=\"photo olivia  \u00a9  vivement lundi\u00a0!\" width=\"640\" title=\" Olivia   Vivement Lundi\u00a0! \"\/><\/p>\n<p class=\"elmt-legende\"> Olivia   Vivement Lundi\u00a0! <\/p>\n<p>A noter que le film Olivia qui sortira en salle le 21\u00a0janvier 2026, sur la pr\u00e9carit\u00e9, sera projet\u00e9 en avant-premi\u00e8re ce dimanche \u00e0 11h au cin\u00e9ma Arvor de Rennes.<\/p>\n<p>Le film Les contes du pommier sauvage sortira le 8\u00a0avril 2026.<\/p>\n<p>\u00a0<\/p>\n","protected":false},"excerpt":{"rendered":"L\u2019Acad\u00e9mie europ\u00e9enne du cin\u00e9ma (AEC) a r\u00e9v\u00e9l\u00e9 cette semaine, les films nomm\u00e9s aux European Films Awards (EFA) 2026.&hellip;\n","protected":false},"author":2,"featured_media":552246,"comment_status":"","ping_status":"","sticky":false,"template":"","format":"standard","meta":{"footnotes":""},"categories":[2821],"tags":[5734,1111,11,1832,54725,829,20870,1777,674,9513,2081,1346,1011,27,12,66958,584,25],"class_list":{"0":"post-552245","1":"post","2":"type-post","3":"status-publish","4":"format-standard","5":"has-post-thumbnail","7":"category-rennes","8":"tag-5734","9":"tag-actu","10":"tag-actualites","11":"tag-animation","12":"tag-awards","13":"tag-bretagne","14":"tag-bretons","15":"tag-eu","16":"tag-europe","17":"tag-european","18":"tag-film","19":"tag-films","20":"tag-fr","21":"tag-france","22":"tag-news","23":"tag-nommes","24":"tag-rennes","25":"tag-republique-francaise"},"share_on_mastodon":{"url":"https:\/\/pubeurope.com\/@fr\/115595938017163533","error":""},"_links":{"self":[{"href":"https:\/\/www.europesays.com\/fr\/wp-json\/wp\/v2\/posts\/552245","targetHints":{"allow":["GET"]}}],"collection":[{"href":"https:\/\/www.europesays.com\/fr\/wp-json\/wp\/v2\/posts"}],"about":[{"href":"https:\/\/www.europesays.com\/fr\/wp-json\/wp\/v2\/types\/post"}],"author":[{"embeddable":true,"href":"https:\/\/www.europesays.com\/fr\/wp-json\/wp\/v2\/users\/2"}],"replies":[{"embeddable":true,"href":"https:\/\/www.europesays.com\/fr\/wp-json\/wp\/v2\/comments?post=552245"}],"version-history":[{"count":0,"href":"https:\/\/www.europesays.com\/fr\/wp-json\/wp\/v2\/posts\/552245\/revisions"}],"wp:featuredmedia":[{"embeddable":true,"href":"https:\/\/www.europesays.com\/fr\/wp-json\/wp\/v2\/media\/552246"}],"wp:attachment":[{"href":"https:\/\/www.europesays.com\/fr\/wp-json\/wp\/v2\/media?parent=552245"}],"wp:term":[{"taxonomy":"category","embeddable":true,"href":"https:\/\/www.europesays.com\/fr\/wp-json\/wp\/v2\/categories?post=552245"},{"taxonomy":"post_tag","embeddable":true,"href":"https:\/\/www.europesays.com\/fr\/wp-json\/wp\/v2\/tags?post=552245"}],"curies":[{"name":"wp","href":"https:\/\/api.w.org\/{rel}","templated":true}]}}