{"id":552251,"date":"2025-11-22T23:30:38","date_gmt":"2025-11-22T23:30:38","guid":{"rendered":"https:\/\/www.europesays.com\/fr\/552251\/"},"modified":"2025-11-22T23:30:38","modified_gmt":"2025-11-22T23:30:38","slug":"face-a-strasbourg-lol-lyonnes-na-pas-pris-de-coup-de-froid","status":"publish","type":"post","link":"https:\/\/www.europesays.com\/fr\/552251\/","title":{"rendered":"Face \u00e0 Strasbourg, l&rsquo;OL Lyonnes n&rsquo;a pas pris de coup de froid"},"content":{"rendered":"<p>                            <img width=\"770\" height=\"433\" src=\"https:\/\/www.europesays.com\/fr\/wp-content\/uploads\/2025\/11\/AFP__20251111__2246233936__v2__HighRes__OlLyonnesVVflWolfsburgUefaWomenSChampionsLea-770x433.jpg\" class=\"attachment-article size-article wp-post-image\" alt=\"Les joueuses de l'OL Lyonnes f\u00e9licitent Ada Hegerberg contre Wolfsburg\" decoding=\"async\" fetchpriority=\"high\"  \/><\/p>\n<p>Les joueuses de l\u2019OL Lyonnes f\u00e9licitent Ada Hegerberg contre Wolfsburg (Photo by Pauline Figuet \/ GETTY IMAGES EUROPE \/ Getty Images via AFP)<\/p>\n<p>Dans le froid glacial du Parc OL, l&rsquo;OL Lyonnes a poursuivi son sans-faute en Premi\u00e8re Ligue (5-0). Ce fut poussif pendant une mi-temps contre Strasbourg, mais les Lyonnaises ont bien r\u00e9agi apr\u00e8s le nul en Ligue des champions.<\/p>\n<p>Il fallait \u00eatre courageux pour prendre place dans la tribune du Parc OL ce samedi soir. Il \u00e9tait pourtant quelques milliers \u00e0 avoir r\u00e9pondu pr\u00e9sents pour encourager l&rsquo;OL Lyonnes \u00e0 21h face \u00e0 Strasbourg. Ce sont peut-\u00eatre eux les hommes et femmes de ce match de la 8e journ\u00e9e de Premi\u00e8re Ligue, tant le spectacle sur le terrain n&rsquo;a pas donn\u00e9 de quoi se r\u00e9chauffer pendant de longues minutes. Trois jours apr\u00e8s le nul frustrant en Ligue des champions, les joueuses de Jonatan Giraldez ont relev\u00e9 la t\u00eate avec une victoire logique. Mais, on ne peut pas dire qu&rsquo;il y a eu de quoi se rassurer pendant une mi-temps avant la tr\u00eave internationale.<\/p>\n<p>Katoto sort sur blessure \u00e0 la demi-heure de jeu<\/p>\n<p>L&rsquo;entra\u00eeneur espagnol avait pourtant choisi de (presque) tout changer par rapport \u00e0 la Juventus Turin. Seule Wendie Renard encha\u00eenait une deuxi\u00e8me titularisation en trois jours. Les entrantes plut\u00f4t \u00e0 leur avantage en Italie allaient-elles donner un nouveau souffle \u00e0 l&rsquo;OL Lyonnes ? Pendant 45 minutes, il n&rsquo;y a pas eu grand chose \u00e0 se mettre sous la dent. Une frappe de Katoto, sortie sur blessure peu avant la demi-heure de jeu, repouss\u00e9e sur la ligne (17e) mais ce fut bien le RCSA qui avait eu la plus grosse occasion d\u00e8s la 7e minute sur corner. Il a fallu que Micah sorte deux gros arr\u00eats pour \u00e9viter de retomber dans les travers pi\u00e9montais. Finalement, l&rsquo;OL Lyonnes a fait mal \u00e0 Strasbourg \u00e0 des moments cruciaux.<\/p>\n<p>Brand a provoqu\u00e9<\/p>\n<p>Juste avant la mi-temps avec une frappe en pivot de Vicki Becho (1-0, 45e) puis trois minutes avant l&rsquo;heure de jeu suite \u00e0 un bon mouvement de Jule Brand et un centre d\u00e9vi\u00e9 par Chaney dans son propre but (2-0, 57e). En faisant le break, les Lyonnaises ont pu respirer un peu mieux et Brand y est finalement all\u00e9e de son propre but, douze minutes plus tard (3-0, 69e). Le moment choisi par Giraldez pour faire tourner avec un double changement avec les entr\u00e9es de Yohannes et Dumornay puis Chawinga et Tarciane \u00e0 la 80e. La Br\u00e9silienne, peu dans son assiette \u00e0 Turin, a alourdi le score sur une t\u00eate \u00e0 la suite d&rsquo;un corner de Svava (4-0, 84e), avant qu&rsquo;Ada Hegerberg ne soit r\u00e9compens\u00e9e sur un ballon d\u00e9pos\u00e9 par Yohannes (5-0, 88e). L&rsquo;OL Lyonnes a fait le m\u00e9tier et reste en t\u00eate avant de partir en s\u00e9lection.<\/p>\n","protected":false},"excerpt":{"rendered":"Les joueuses de l\u2019OL Lyonnes f\u00e9licitent Ada Hegerberg contre Wolfsburg (Photo by Pauline Figuet \/ GETTY IMAGES EUROPE&hellip;\n","protected":false},"author":2,"featured_media":552252,"comment_status":"","ping_status":"","sticky":false,"template":"","format":"standard","meta":{"footnotes":""},"categories":[2820],"tags":[1111,11,1777,674,1011,27,775,12,241,242,25,640],"class_list":{"0":"post-552251","1":"post","2":"type-post","3":"status-publish","4":"format-standard","5":"has-post-thumbnail","7":"category-strasbourg","8":"tag-actu","9":"tag-actualites","10":"tag-eu","11":"tag-europe","12":"tag-fr","13":"tag-france","14":"tag-grand-est","15":"tag-news","16":"tag-ol","17":"tag-ol-feminin","18":"tag-republique-francaise","19":"tag-strasbourg"},"share_on_mastodon":{"url":"https:\/\/pubeurope.com\/@fr\/115595957023236200","error":""},"_links":{"self":[{"href":"https:\/\/www.europesays.com\/fr\/wp-json\/wp\/v2\/posts\/552251","targetHints":{"allow":["GET"]}}],"collection":[{"href":"https:\/\/www.europesays.com\/fr\/wp-json\/wp\/v2\/posts"}],"about":[{"href":"https:\/\/www.europesays.com\/fr\/wp-json\/wp\/v2\/types\/post"}],"author":[{"embeddable":true,"href":"https:\/\/www.europesays.com\/fr\/wp-json\/wp\/v2\/users\/2"}],"replies":[{"embeddable":true,"href":"https:\/\/www.europesays.com\/fr\/wp-json\/wp\/v2\/comments?post=552251"}],"version-history":[{"count":0,"href":"https:\/\/www.europesays.com\/fr\/wp-json\/wp\/v2\/posts\/552251\/revisions"}],"wp:featuredmedia":[{"embeddable":true,"href":"https:\/\/www.europesays.com\/fr\/wp-json\/wp\/v2\/media\/552252"}],"wp:attachment":[{"href":"https:\/\/www.europesays.com\/fr\/wp-json\/wp\/v2\/media?parent=552251"}],"wp:term":[{"taxonomy":"category","embeddable":true,"href":"https:\/\/www.europesays.com\/fr\/wp-json\/wp\/v2\/categories?post=552251"},{"taxonomy":"post_tag","embeddable":true,"href":"https:\/\/www.europesays.com\/fr\/wp-json\/wp\/v2\/tags?post=552251"}],"curies":[{"name":"wp","href":"https:\/\/api.w.org\/{rel}","templated":true}]}}