{"id":552253,"date":"2025-11-22T23:32:12","date_gmt":"2025-11-22T23:32:12","guid":{"rendered":"https:\/\/www.europesays.com\/fr\/552253\/"},"modified":"2025-11-22T23:32:12","modified_gmt":"2025-11-22T23:32:12","slug":"avec-65-defaites-au-compteur-les-nicois-sont-les-adversaires-preferes-des-olympiens","status":"publish","type":"post","link":"https:\/\/www.europesays.com\/fr\/552253\/","title":{"rendered":"avec 65 d\u00e9faites au compteur, les Ni\u00e7ois sont les adversaires pr\u00e9f\u00e9r\u00e9s des Olympiens"},"content":{"rendered":"<p>En s&rsquo;imposant <a href=\"https:\/\/www.laprovence.com\/article\/om\/1807901217256214\/nice-om-1-5-un-feu-dartifice-olympien-pour-reprendre-la-tete-de-la-ligue-1-et-preparer-au-mieux-newcastle\" target=\"_blank\" rel=\"noopener\">largement (5-1), hier soir \u00e0 l&rsquo;Allianz Riviera,<\/a> les Olympiens ont g\u00e2ch\u00e9 la f\u00eate de la \u00ab\u00a0Populaire Sud\u00a0\u00bb, le groupe de supporter ni\u00e7ois qui f\u00eatait ses 40 ans. Mais ils ont surtout confirm\u00e9 une vieille tradition marseillaise qui consiste \u00e0 maintenir tout en haut de son tableau de chasse l&rsquo;OGC Nice.<\/p>\n<p>En plus de 100 ans de confrontations, et 127 rencontres entre les deux Olympiques, les Marseillais <a href=\"https:\/\/www.laprovence.com\/article\/om\/57621438554404\/nice-om-1-5-il-y-a-beaucoup-de-positif-mais-on-peut-encore-faire-mieux-estime-de-zerbi\" target=\"_blank\" rel=\"noopener\">ont obtenu le scalp des Aiglons<\/a> \u00e0 65 reprises, faisant de Nice leur victime favorite, et donc l&rsquo;\u00e9quipe qu&rsquo;ils ont le plus battu de leur histoire devant le FC Metz (61 victoires) et le Stade Rennais (58 victoires).<\/p>\n<p>26 victoires au XXIe si\u00e8cle<\/p>\n<p>Historiquement, la premi\u00e8re confrontation entre Marseille et Nice est r\u00e9pertori\u00e9e en 1920. C&rsquo;\u00e9tait un autre temps et la rencontre se d\u00e9roulait au stade de l&rsquo;Huveaune, pr\u00e8s du Parc Bor\u00e9ly. L&rsquo;OM recevait Nice pour un premier tour de coupe de France, et <a href=\"https:\/\/www.laprovence.com\/article\/om\/6305607\/le-premier-president-mecene.html\" target=\"_blank\" rel=\"noopener\">le club du pr\u00e9sident d&rsquo;alors, Paul Le Cesne<\/a>, allait s&rsquo;imposer 7 \u00e0 2, montrant ainsi la marche \u00e0 suivre aux Olympiens futurs.<\/p>\n<p>Plus r\u00e9cemment, depuis que Nice est revenu en Ligue 1 au d\u00e9but des ann\u00e9es 2000, les deux clubs se sont affront\u00e9s \u00e0 47 reprises. Et l\u00e0 encore le bilan est flatteur pour l&rsquo;OM qui domine les d\u00e9bats avec 26 victoires, pour 7 nuls et 14 d\u00e9faites. Les Olympiens ont inscrits 76 buts face au voisin ni\u00e7ois, pour 51 encaiss\u00e9s sur cette p\u00e9riode.<\/p>\n<p>Le graphique ayant \u00e9t\u00e9 publi\u00e9 avant le match, il affiche 64 victoires.<\/p>\n","protected":false},"excerpt":{"rendered":"En s&rsquo;imposant largement (5-1), hier soir \u00e0 l&rsquo;Allianz Riviera, les Olympiens ont g\u00e2ch\u00e9 la f\u00eate de la \u00ab\u00a0Populaire&hellip;\n","protected":false},"author":2,"featured_media":552254,"comment_status":"","ping_status":"","sticky":false,"template":"","format":"standard","meta":{"footnotes":""},"categories":[2819],"tags":[17,1111,11,3396,36673,3217,1777,674,1011,27,151,12,2401,31844,149,882,25,3333],"class_list":{"0":"post-552253","1":"post","2":"type-post","3":"status-publish","4":"format-standard","5":"has-post-thumbnail","7":"category-nice","8":"tag-17","9":"tag-actu","10":"tag-actualites","11":"tag-avec","12":"tag-compteur","13":"tag-defaites","14":"tag-eu","15":"tag-europe","16":"tag-fr","17":"tag-france","18":"tag-les","19":"tag-news","20":"tag-nice","21":"tag-nicois","22":"tag-om","23":"tag-provence-alpes-cote-dazur","24":"tag-republique-francaise","25":"tag-sont"},"share_on_mastodon":{"url":"https:\/\/pubeurope.com\/@fr\/115595964885651819","error":""},"_links":{"self":[{"href":"https:\/\/www.europesays.com\/fr\/wp-json\/wp\/v2\/posts\/552253","targetHints":{"allow":["GET"]}}],"collection":[{"href":"https:\/\/www.europesays.com\/fr\/wp-json\/wp\/v2\/posts"}],"about":[{"href":"https:\/\/www.europesays.com\/fr\/wp-json\/wp\/v2\/types\/post"}],"author":[{"embeddable":true,"href":"https:\/\/www.europesays.com\/fr\/wp-json\/wp\/v2\/users\/2"}],"replies":[{"embeddable":true,"href":"https:\/\/www.europesays.com\/fr\/wp-json\/wp\/v2\/comments?post=552253"}],"version-history":[{"count":0,"href":"https:\/\/www.europesays.com\/fr\/wp-json\/wp\/v2\/posts\/552253\/revisions"}],"wp:featuredmedia":[{"embeddable":true,"href":"https:\/\/www.europesays.com\/fr\/wp-json\/wp\/v2\/media\/552254"}],"wp:attachment":[{"href":"https:\/\/www.europesays.com\/fr\/wp-json\/wp\/v2\/media?parent=552253"}],"wp:term":[{"taxonomy":"category","embeddable":true,"href":"https:\/\/www.europesays.com\/fr\/wp-json\/wp\/v2\/categories?post=552253"},{"taxonomy":"post_tag","embeddable":true,"href":"https:\/\/www.europesays.com\/fr\/wp-json\/wp\/v2\/tags?post=552253"}],"curies":[{"name":"wp","href":"https:\/\/api.w.org\/{rel}","templated":true}]}}