{"id":552257,"date":"2025-11-22T23:34:24","date_gmt":"2025-11-22T23:34:24","guid":{"rendered":"https:\/\/www.europesays.com\/fr\/552257\/"},"modified":"2025-11-22T23:34:24","modified_gmt":"2025-11-22T23:34:24","slug":"repris-par-telma-group-aviatube-va-chercher-le-beau-temps-au-dessus-des-nuages","status":"publish","type":"post","link":"https:\/\/www.europesays.com\/fr\/552257\/","title":{"rendered":"Repris par Telma group, Aviatube va chercher le beau temps au-dessus des nuages"},"content":{"rendered":"<p>Puisqu\u2019il fait toujours beau au-dessus des nuages, Aviatube, ballott\u00e9 dans une temp\u00eate \u00e9conomique depuis des mois, avait bien besoin de reprendre un peu d\u2019altitude. Ce sera au repreneur de la soci\u00e9t\u00e9, d\u00e9sign\u00e9 ce vendredi 21\u00a0novembre, de tirer le manche en souplesse. Telma group sort laur\u00e9at de la cession du tribunal de commerce de Nantes.<\/p>\n<p>Telma, c\u2019est un nom connu dans le domaine du transport automobile, inventeur de syst\u00e8me de freinage \u00e9lectromagn\u00e9tique pour poids lourds et autocars depuis un si\u00e8cle. En 2023, des actionnaires <strong>\u00ab\u00a0passionn\u00e9s d\u2019industrie\u00a0\u00bb,<\/strong> selon un membre de la direction, ont repris la bo\u00eete \u00e0 un fonds d\u2019investissement qui faisait fausse route. Red\u00e9collage imm\u00e9diat et chiffre d\u2019affaires pass\u00e9 de 22 \u00e0 30\u00a0millions d\u2019euros en 2024.<\/p>\n<p>84\u00a0salari\u00e9s repris<\/p>\n<p>Le mod\u00e8le et le projet pr\u00e9sent\u00e9s tribunal de commerce ont fait la diff\u00e9rence, alors qu\u2019une autre deuxi\u00e8me offre \u00e9manait d\u2019un autre industriel solide. Le groupe Carlesimo, qui poss\u00e8de les entreprises de fonderie Dejoie et Lemer \u00e0 Carquefou, a formul\u00e9 une offre de 150\u00a0000\u00a0\u20ac pour Aviatube, en plus du paiement de certaines dettes. Sachant que le passif d\u2019Aviatube \u00e9tait cons\u00e9quent\u00a0: 40\u00a0millions d\u2019euros.<\/p>\n<p>Telma group a propos\u00e9 moins, 50\u00a0000\u00a0\u20ac pour prix de cession, mais a assorti son offre de <strong>\u00ab\u00a0la prise en charge de la dette de certains fournisseurs et clients strat\u00e9giques \u00e0 hauteur de 606\u00a0257\u00a0\u20ac\u00a0\u00bb,<\/strong> indique le tribunal de commerce dans son jugement. Des garanties de financement qui ont paru sup\u00e9rieures aux juges.<\/p>\n<p>Les contr\u00f4leurs de la cession, repr\u00e9sentants deux clients majeurs, Airbus h\u00e9licopt\u00e8res et Dassault aviation, ont aussi vot\u00e9 Telma.<\/p>\n<p>Sur le volet social, le groupe de Saint-Ouen-sur-Seine (Seine-Saint-Denis) s\u2019est engag\u00e9 \u00e0 reprendre 84\u00a0salari\u00e9s. Il doit continuer \u00e0 produire des tubes et des profil\u00e9s creux en alliage d\u2019aluminium pour l\u2019a\u00e9ronautique, mat\u00e9riaux de haute qualit\u00e9, avec des clients en France, en Europe, en Inde ou encore au Br\u00e9sil.<\/p>\n<p>\u00a0<\/p>\n","protected":false},"excerpt":{"rendered":"Puisqu\u2019il fait toujours beau au-dessus des nuages, Aviatube, ballott\u00e9 dans une temp\u00eate \u00e9conomique depuis des mois, avait bien&hellip;\n","protected":false},"author":2,"featured_media":552258,"comment_status":"","ping_status":"","sticky":false,"template":"","format":"standard","meta":{"footnotes":""},"categories":[2818],"tags":[1111,11,29779,66961,6005,46005,1777,674,1011,27,37794,766,12,39793,2636,13253,25,66960,5426],"class_list":{"0":"post-552257","1":"post","2":"type-post","3":"status-publish","4":"format-standard","5":"has-post-thumbnail","7":"category-nantes","8":"tag-actu","9":"tag-actualites","10":"tag-au-dessus","11":"tag-aviatube","12":"tag-beau","13":"tag-chercher","14":"tag-eu","15":"tag-europe","16":"tag-fr","17":"tag-france","18":"tag-group","19":"tag-nantes","20":"tag-news","21":"tag-nuages","22":"tag-pays-de-la-loire","23":"tag-repris","24":"tag-republique-francaise","25":"tag-telma","26":"tag-temps"},"share_on_mastodon":{"url":"https:\/\/pubeurope.com\/@fr\/115595972950019187","error":""},"_links":{"self":[{"href":"https:\/\/www.europesays.com\/fr\/wp-json\/wp\/v2\/posts\/552257","targetHints":{"allow":["GET"]}}],"collection":[{"href":"https:\/\/www.europesays.com\/fr\/wp-json\/wp\/v2\/posts"}],"about":[{"href":"https:\/\/www.europesays.com\/fr\/wp-json\/wp\/v2\/types\/post"}],"author":[{"embeddable":true,"href":"https:\/\/www.europesays.com\/fr\/wp-json\/wp\/v2\/users\/2"}],"replies":[{"embeddable":true,"href":"https:\/\/www.europesays.com\/fr\/wp-json\/wp\/v2\/comments?post=552257"}],"version-history":[{"count":0,"href":"https:\/\/www.europesays.com\/fr\/wp-json\/wp\/v2\/posts\/552257\/revisions"}],"wp:featuredmedia":[{"embeddable":true,"href":"https:\/\/www.europesays.com\/fr\/wp-json\/wp\/v2\/media\/552258"}],"wp:attachment":[{"href":"https:\/\/www.europesays.com\/fr\/wp-json\/wp\/v2\/media?parent=552257"}],"wp:term":[{"taxonomy":"category","embeddable":true,"href":"https:\/\/www.europesays.com\/fr\/wp-json\/wp\/v2\/categories?post=552257"},{"taxonomy":"post_tag","embeddable":true,"href":"https:\/\/www.europesays.com\/fr\/wp-json\/wp\/v2\/tags?post=552257"}],"curies":[{"name":"wp","href":"https:\/\/api.w.org\/{rel}","templated":true}]}}