{"id":552270,"date":"2025-11-22T23:43:17","date_gmt":"2025-11-22T23:43:17","guid":{"rendered":"https:\/\/www.europesays.com\/fr\/552270\/"},"modified":"2025-11-22T23:43:17","modified_gmt":"2025-11-22T23:43:17","slug":"spectacle-aria-ballet-aerien-le-13-decembre-13-12-2025-marseille","status":"publish","type":"post","link":"https:\/\/www.europesays.com\/fr\/552270\/","title":{"rendered":"Spectacle Aria, ballet a\u00e9rien le 13 d\u00e9cembre &#8211; 13\/12\/2025 &#8211; Marseille"},"content":{"rendered":"\n<p>Rendez-vous en famille \u00e0 18h30 pour d\u00e9couvrir Aria, un spectacle qui associe un ballet a\u00e9rien aux \u00ab Quatre saisons \u00bb de Vivaldi. Les figures fascinantes dans le ciel nous rappellent la natation synchronis\u00e9e et les chor\u00e9graphies de ballet classique.<\/p>\n<p>&#13;<\/p>\n<p>Une cr\u00e9ation pleine d\u2019all\u00e9gories et de symboles, rappelant les mythes et l\u00e9gendes ancestrales<\/p>\n","protected":false},"excerpt":{"rendered":"Rendez-vous en famille \u00e0 18h30 pour d\u00e9couvrir Aria, un spectacle qui associe un ballet a\u00e9rien aux \u00ab Quatre&hellip;\n","protected":false},"author":2,"featured_media":552271,"comment_status":"","ping_status":"","sticky":false,"template":"","format":"standard","meta":{"footnotes":""},"categories":[2814],"tags":[1111,11,1777,674,1011,27,884,12,882,25],"class_list":{"0":"post-552270","1":"post","2":"type-post","3":"status-publish","4":"format-standard","5":"has-post-thumbnail","7":"category-marseille","8":"tag-actu","9":"tag-actualites","10":"tag-eu","11":"tag-europe","12":"tag-fr","13":"tag-france","14":"tag-marseille","15":"tag-news","16":"tag-provence-alpes-cote-dazur","17":"tag-republique-francaise"},"share_on_mastodon":{"url":"https:\/\/pubeurope.com\/@fr\/115596008141887270","error":""},"_links":{"self":[{"href":"https:\/\/www.europesays.com\/fr\/wp-json\/wp\/v2\/posts\/552270","targetHints":{"allow":["GET"]}}],"collection":[{"href":"https:\/\/www.europesays.com\/fr\/wp-json\/wp\/v2\/posts"}],"about":[{"href":"https:\/\/www.europesays.com\/fr\/wp-json\/wp\/v2\/types\/post"}],"author":[{"embeddable":true,"href":"https:\/\/www.europesays.com\/fr\/wp-json\/wp\/v2\/users\/2"}],"replies":[{"embeddable":true,"href":"https:\/\/www.europesays.com\/fr\/wp-json\/wp\/v2\/comments?post=552270"}],"version-history":[{"count":0,"href":"https:\/\/www.europesays.com\/fr\/wp-json\/wp\/v2\/posts\/552270\/revisions"}],"wp:featuredmedia":[{"embeddable":true,"href":"https:\/\/www.europesays.com\/fr\/wp-json\/wp\/v2\/media\/552271"}],"wp:attachment":[{"href":"https:\/\/www.europesays.com\/fr\/wp-json\/wp\/v2\/media?parent=552270"}],"wp:term":[{"taxonomy":"category","embeddable":true,"href":"https:\/\/www.europesays.com\/fr\/wp-json\/wp\/v2\/categories?post=552270"},{"taxonomy":"post_tag","embeddable":true,"href":"https:\/\/www.europesays.com\/fr\/wp-json\/wp\/v2\/tags?post=552270"}],"curies":[{"name":"wp","href":"https:\/\/api.w.org\/{rel}","templated":true}]}}