{"id":552272,"date":"2025-11-22T23:44:13","date_gmt":"2025-11-22T23:44:13","guid":{"rendered":"https:\/\/www.europesays.com\/fr\/552272\/"},"modified":"2025-11-22T23:44:13","modified_gmt":"2025-11-22T23:44:13","slug":"assassinat-de-mehdi-kessaci-mon-coeur-est-dechire-le-bouleversant-temoignage-de-sa-mere-pendant-la-marche-blanche-a-marseille","status":"publish","type":"post","link":"https:\/\/www.europesays.com\/fr\/552272\/","title":{"rendered":"Assassinat de Mehdi Kessaci\u00a0: \u201cMon c\u0153ur est d\u00e9chir\u00e9\u201d\u2026 Le bouleversant t\u00e9moignage de sa m\u00e8re pendant la marche blanche \u00e0 Marseille"},"content":{"rendered":"<p>\n                                                                    l&rsquo;essentiel<br \/>\n                                                                \u00c0 Marseille, plus de 6\u00a0000 personnes se sont rassembl\u00e9es ce samedi pour rendre hommage \u00e0 Mehdi Kessaci, 20 ans, assassin\u00e9 le 13\u00a0novembre. Sa m\u00e8re, d\u00e9j\u00e0 endeuill\u00e9e par la mort de son fils Brahim en 2020, a lanc\u00e9 un appel bouleversant pour que cesse l\u2019emprise meurtri\u00e8re du narcotrafic\n                            <\/p>\n<p>\u00ab\u00a0Il faut que \u00e7a s\u2019arr\u00eate\u00a0\u00bb, a lanc\u00e9 ce samedi 22\u00a0novembre \u00e0 Marseille Ouassila Benhamdi, doublement endeuill\u00e9e par les assassinats de ses fils, Mehdi Kessaci et Brahim, d\u00e9j\u00e0 tu\u00e9 dans un narchomicide il y a cinq ans.<\/p>\n<p>\u00ab\u00a0Mon coeur est d\u00e9chir\u00e9. Je suis inconsolable. Aucune m\u00e8re ne veut voir ses enfants mourir avant elle\u00a0\u00bb, a lanc\u00e9 cette femme toute v\u00eatue de blanc, devant plus de 6\u00a0200 personnes rassembl\u00e9es pour rendre hommage \u00e0 Mehdi, tu\u00e9 le 13\u00a0novembre.<\/p>\n<p class=\"std-elt__inline\">\n        <strong>\u00c0 lire aussi :<\/strong><br \/>\n        <a href=\"https:\/\/www.ladepeche.fr\/2025\/11\/22\/direct-assassinat-de-medhi-kessaci-les-auteurs-du-crime-davertissement-introuvables-marche-blanche-a-marseille-en-sa-memoire-13067663.php\" target=\"_blank\" rel=\"noopener\">REPLAY. Assassinat de Medhi Kessaci\u00a0: environ 6\u00a0200 personnes pr\u00e9sentes \u00e0 la marche blanche \u00e0 Marseille<\/a>\n    <\/p>\n<p>\u00ab\u00a0Je demande au gouvernement de prendre la mesure de tout ce qui se passe\u00a0\u00bb, a-t-elle dit, arborant une photo de Mehdi sur son tee-shirt. \u00ab\u00a0Il faut que \u00e7a s\u2019arr\u00eate, pour toutes les familles frapp\u00e9es par ce fl\u00e9au\u00a0\u00bb, a-t-elle poursuivi. Elle s\u2019exprimait peu apr\u00e8s son arriv\u00e9e au rassemblement, sur un rond-point de Marseille o\u00f9 son fils Mehdi, 20 ans, a \u00e9t\u00e9 assassin\u00e9 par deux hommes en moto.<\/p>\n<p>Justice sociale<\/p>\n<p>Elle \u00e9tait accompagn\u00e9e de ses proches et notamment de l\u2019un de ses autres enfants Amine, militant \u00e9cologiste et anti-drogue de 22 ans. Plac\u00e9 depuis plusieurs mois sous protection polici\u00e8re, sa pr\u00e9sence au rassemblement n\u2019avait pas \u00e9t\u00e9 confirm\u00e9e jusqu\u2019aux derniers instants.<\/p>\n<p>\u00ab\u00a0Je demande la justice pour Mehdi. Je demande la justice pour Brahim, mon autre fr\u00e8re assassin\u00e9. Je demande la justice pour toutes les victimes. Je demande la s\u00e9curit\u00e9 pour ma famille\u00a0\u00bb, a lanc\u00e9 Amine. En d\u00e9cembre\u00a02020, Brahim avait \u00e9t\u00e9 tu\u00e9 dans un triple homicide. Son corps avait \u00e9t\u00e9 retrouv\u00e9 calcin\u00e9 dans une voiture.<\/p>\n<p class=\"std-elt__inline\">\n        <strong>\u00c0 lire aussi :<\/strong><br \/>\n        <a href=\"https:\/\/www.ladepeche.fr\/2025\/11\/15\/entretien-meurtre-damine-kessaci-a-marseille-la-dz-mafia-rappelle-certaines-organisations-mafieuses-italiennes-13052124.php\" target=\"_blank\" rel=\"noopener\">ENTRETIEN. Meurtre du fr\u00e8re d\u2019Amine Kessaci \u00e0 Marseille\u00a0: \u00ab\u00a0La DZ Mafia rappelle certaines organisations mafieuses italiennes\u00a0\u00bb<\/a>\n    <\/p>\n<p>Et alors que l\u2019ex-s\u00e9nateur socialiste J\u00e9r\u00f4me Durain, un des initiateurs de la loi contre le narcotrafic, a demand\u00e9 qu\u2019il soit d\u00e9cor\u00e9 de la L\u00e9gion d\u2019honneur, Amine Kessaci a dit que sa \u00ab\u00a0poitrine (\u00e9tait) trop lourde de douleur pour recevoir une quelconque d\u00e9coration\u00a0\u00bb. \u00ab\u00a0Je ne cherche aucun honneur\u00a0\u00bb, a-t-il dit. \u00ab\u00a0Ce sont les mamans des quartiers qui m\u00e9ritent une d\u00e9coration pour leur courage, leur dignit\u00e9, leur combat de chaque jour.\u00a0\u00bb<\/p>\n<p>Ces derniers jours le militant a encha\u00een\u00e9 les interventions m\u00e9diatiques, exprimant son sentiment de \u00ab\u00a0culpabilit\u00e9\u00a0\u00bb vis-\u00e0-vis de la mort de Mehdi, appelant \u00e0 plus d\u2019action face au narcotrafic. \u00ab\u00a0Depuis des ann\u00e9es nous alertons, nous parlons parce que nous savons que le silence tue. Chacun des reculs des institutions a favoris\u00e9 l\u2019avanc\u00e9e du narcotrafic\u00a0\u00bb, a-t-il dit samedi.<\/p>\n<p class=\"std-elt__inline\">\n        <strong>\u00c0 lire aussi :<\/strong><br \/>\n        <a href=\"https:\/\/www.ladepeche.fr\/2025\/11\/18\/assassinat-de-mehdi-kessaci-a-marseille-laurent-nunez-evoque-un-crime-dintimidation-qui-constitue-un-point-de-bascule-13058934.php\" target=\"_blank\" rel=\"noopener\">Trafic de drogue\u00a0: l\u2019assassinat de Mehdi Kessaci \u00e0 Marseille constitue \u00ab\u00a0un point de bascule\u00a0\u00bb pour Laurent Nu\u00f1ez qui parle de \u00ab\u00a0un crime d\u2019intimidation\u00a0\u00bb<\/a>\n    <\/p>\n<p>\u00ab\u00a0Bien s\u00fbr, nous avons besoin de policiers et de s\u00e9curit\u00e9. Bien s\u00fbr, il faut renforcer les moyens de la lutte contre le narcotrafic. Mais nous avons besoin de justice sociale, d\u2019engagement de l\u2019\u00c9tat et des collectivit\u00e9s, de soutien aux associations qui font le boulot tous les jours avec tr\u00e8s peu de moyens.\u00a0\u00bb<\/p>\n","protected":false},"excerpt":{"rendered":"l&rsquo;essentiel \u00c0 Marseille, plus de 6\u00a0000 personnes se sont rassembl\u00e9es ce samedi pour rendre hommage \u00e0 Mehdi Kessaci,&hellip;\n","protected":false},"author":2,"featured_media":552273,"comment_status":"","ping_status":"","sticky":false,"template":"","format":"standard","meta":{"footnotes":""},"categories":[2814],"tags":[1111,11,1777,674,1011,27,884,12,882,25],"class_list":{"0":"post-552272","1":"post","2":"type-post","3":"status-publish","4":"format-standard","5":"has-post-thumbnail","7":"category-marseille","8":"tag-actu","9":"tag-actualites","10":"tag-eu","11":"tag-europe","12":"tag-fr","13":"tag-france","14":"tag-marseille","15":"tag-news","16":"tag-provence-alpes-cote-dazur","17":"tag-republique-francaise"},"share_on_mastodon":{"url":"https:\/\/pubeurope.com\/@fr\/115596012098306211","error":""},"_links":{"self":[{"href":"https:\/\/www.europesays.com\/fr\/wp-json\/wp\/v2\/posts\/552272","targetHints":{"allow":["GET"]}}],"collection":[{"href":"https:\/\/www.europesays.com\/fr\/wp-json\/wp\/v2\/posts"}],"about":[{"href":"https:\/\/www.europesays.com\/fr\/wp-json\/wp\/v2\/types\/post"}],"author":[{"embeddable":true,"href":"https:\/\/www.europesays.com\/fr\/wp-json\/wp\/v2\/users\/2"}],"replies":[{"embeddable":true,"href":"https:\/\/www.europesays.com\/fr\/wp-json\/wp\/v2\/comments?post=552272"}],"version-history":[{"count":0,"href":"https:\/\/www.europesays.com\/fr\/wp-json\/wp\/v2\/posts\/552272\/revisions"}],"wp:featuredmedia":[{"embeddable":true,"href":"https:\/\/www.europesays.com\/fr\/wp-json\/wp\/v2\/media\/552273"}],"wp:attachment":[{"href":"https:\/\/www.europesays.com\/fr\/wp-json\/wp\/v2\/media?parent=552272"}],"wp:term":[{"taxonomy":"category","embeddable":true,"href":"https:\/\/www.europesays.com\/fr\/wp-json\/wp\/v2\/categories?post=552272"},{"taxonomy":"post_tag","embeddable":true,"href":"https:\/\/www.europesays.com\/fr\/wp-json\/wp\/v2\/tags?post=552272"}],"curies":[{"name":"wp","href":"https:\/\/api.w.org\/{rel}","templated":true}]}}