{"id":552276,"date":"2025-11-22T23:46:16","date_gmt":"2025-11-22T23:46:16","guid":{"rendered":"https:\/\/www.europesays.com\/fr\/552276\/"},"modified":"2025-11-22T23:46:16","modified_gmt":"2025-11-22T23:46:16","slug":"a-lyon-le-racing-a-tenu-45-minutes-avant-de-secrouler-5-0","status":"publish","type":"post","link":"https:\/\/www.europesays.com\/fr\/552276\/","title":{"rendered":"\u00e0 Lyon, le Racing a tenu 45 minutes avant de\u00a0s&rsquo;\u00e9crouler (5-0)"},"content":{"rendered":"<p>\u00ab\u200aNous sommes pr\u00eates pour ce challenge\u200a\u00bb. Au micro de Canal Plus, la milieu de terrain am\u00e9ricaine du Racing Sierra Enge se voulait confiante ce samedi avant de monter sur le ring pour d\u00e9fier le monument du football f\u00e9minin fran\u00e7ais.<\/p>\n<p>Dans les vestiaires, \u00e0 quelques minutes du coup d\u2019envoi, Vincent Nogueira, l\u2019entra\u00eeneur des Strasbourgeoises, exhortait ses troupes \u00e0 \u00eatre tout sauf timides\u200a: \u00ab\u200aMettez une grosse intensit\u00e9, soyez vous-m\u00eames, vivez ce match, ne le subissez pas, faites-vous plaisir\u200a!\u200a\u00bb<\/p>\n<p>La premi\u00e8re occasion est pour les Alsaciennes<\/p>\n<p>Message re\u00e7u cinq sur cinq car la premi\u00e8re occasion du match est pour les Alsaciennes. Un centre d\u2019Agnew est d\u00e9gag\u00e9 en corner par Renard. Hannequin envoie la balle au premier poteau o\u00f9 Chaney&#8230;<\/p>\n","protected":false},"excerpt":{"rendered":"\u00ab\u200aNous sommes pr\u00eates pour ce challenge\u200a\u00bb. Au micro de Canal Plus, la milieu de terrain am\u00e9ricaine du Racing&hellip;\n","protected":false},"author":2,"featured_media":552277,"comment_status":"","ping_status":"","sticky":false,"template":"","format":"standard","meta":{"footnotes":""},"categories":[1889],"tags":[1111,11,2430,1777,674,107,63,1011,27,329,2428,12,43577,25,517,640],"class_list":{"0":"post-552276","1":"post","2":"type-post","3":"status-publish","4":"format-standard","5":"has-post-thumbnail","7":"category-lyon","8":"tag-actu","9":"tag-actualites","10":"tag-auvergne-rhone-alpes","11":"tag-eu","12":"tag-europe","13":"tag-fil-info","14":"tag-football","15":"tag-fr","16":"tag-france","17":"tag-france-monde","18":"tag-lyon","19":"tag-news","20":"tag-racing-club-strasbourg-feminin","21":"tag-republique-francaise","22":"tag-sport","23":"tag-strasbourg"},"share_on_mastodon":{"url":"https:\/\/pubeurope.com\/@fr\/115596019848624056","error":""},"_links":{"self":[{"href":"https:\/\/www.europesays.com\/fr\/wp-json\/wp\/v2\/posts\/552276","targetHints":{"allow":["GET"]}}],"collection":[{"href":"https:\/\/www.europesays.com\/fr\/wp-json\/wp\/v2\/posts"}],"about":[{"href":"https:\/\/www.europesays.com\/fr\/wp-json\/wp\/v2\/types\/post"}],"author":[{"embeddable":true,"href":"https:\/\/www.europesays.com\/fr\/wp-json\/wp\/v2\/users\/2"}],"replies":[{"embeddable":true,"href":"https:\/\/www.europesays.com\/fr\/wp-json\/wp\/v2\/comments?post=552276"}],"version-history":[{"count":0,"href":"https:\/\/www.europesays.com\/fr\/wp-json\/wp\/v2\/posts\/552276\/revisions"}],"wp:featuredmedia":[{"embeddable":true,"href":"https:\/\/www.europesays.com\/fr\/wp-json\/wp\/v2\/media\/552277"}],"wp:attachment":[{"href":"https:\/\/www.europesays.com\/fr\/wp-json\/wp\/v2\/media?parent=552276"}],"wp:term":[{"taxonomy":"category","embeddable":true,"href":"https:\/\/www.europesays.com\/fr\/wp-json\/wp\/v2\/categories?post=552276"},{"taxonomy":"post_tag","embeddable":true,"href":"https:\/\/www.europesays.com\/fr\/wp-json\/wp\/v2\/tags?post=552276"}],"curies":[{"name":"wp","href":"https:\/\/api.w.org\/{rel}","templated":true}]}}