{"id":552278,"date":"2025-11-22T23:48:37","date_gmt":"2025-11-22T23:48:37","guid":{"rendered":"https:\/\/www.europesays.com\/fr\/552278\/"},"modified":"2025-11-22T23:48:37","modified_gmt":"2025-11-22T23:48:37","slug":"communique-de-presse-activation-du-plan-neige-et-verglas-en-ile-de-france-au-niveau-2-mise-en-place-de-mesures-de-restriction-de-circulation","status":"publish","type":"post","link":"https:\/\/www.europesays.com\/fr\/552278\/","title":{"rendered":"Communiqu\u00e9 de presse &#8211; Activation du Plan Neige et Verglas en \u00cele-de-France au Niveau 2 : mise en place de mesures de restriction de circulation"},"content":{"rendered":"<p class=\"fr-footer__content-desc\">La direction des routes d\u2019\u00cele-de-France (DiRIF) est le service public des autoroutes et routes nationales en \u00cele-de-France. Elle a vocation \u00e0 permettre et faciliter les d\u00e9placements r\u00e9gionaux, nationaux et internationaux sur le r\u00e9seau routier national dans la r\u00e9gion capitale. Service d\u00e9concentr\u00e9 du minist\u00e8re charg\u00e9 des transports, elle est plac\u00e9e sous l\u2019autorit\u00e9 du pr\u00e9fet d\u2019\u00cele-de-France, pr\u00e9fet de Paris, au sein de la direction r\u00e9gionale et interd\u00e9partementale de l\u2019environnement, de l\u2019am\u00e9nagement et des transports (DRIEAT) d\u2019\u00cele-de-France.<\/p>\n","protected":false},"excerpt":{"rendered":"La direction des routes d\u2019\u00cele-de-France (DiRIF) est le service public des autoroutes et routes nationales en \u00cele-de-France. Elle&hellip;\n","protected":false},"author":2,"featured_media":552279,"comment_status":"","ping_status":"","sticky":false,"template":"","format":"standard","meta":{"footnotes":""},"categories":[1592],"tags":[1111,11,1777,674,1011,27,6736,662,12,626,25,66896],"class_list":{"0":"post-552278","1":"post","2":"type-post","3":"status-publish","4":"format-standard","5":"has-post-thumbnail","7":"category-ile-de-france","8":"tag-actu","9":"tag-actualites","10":"tag-eu","11":"tag-europe","12":"tag-fr","13":"tag-france","14":"tag-hiver","15":"tag-ile-de-france","16":"tag-news","17":"tag-paris","18":"tag-republique-francaise","19":"tag-viabilite-hivernale"},"share_on_mastodon":{"url":"https:\/\/pubeurope.com\/@fr\/115596027780684752","error":""},"_links":{"self":[{"href":"https:\/\/www.europesays.com\/fr\/wp-json\/wp\/v2\/posts\/552278","targetHints":{"allow":["GET"]}}],"collection":[{"href":"https:\/\/www.europesays.com\/fr\/wp-json\/wp\/v2\/posts"}],"about":[{"href":"https:\/\/www.europesays.com\/fr\/wp-json\/wp\/v2\/types\/post"}],"author":[{"embeddable":true,"href":"https:\/\/www.europesays.com\/fr\/wp-json\/wp\/v2\/users\/2"}],"replies":[{"embeddable":true,"href":"https:\/\/www.europesays.com\/fr\/wp-json\/wp\/v2\/comments?post=552278"}],"version-history":[{"count":0,"href":"https:\/\/www.europesays.com\/fr\/wp-json\/wp\/v2\/posts\/552278\/revisions"}],"wp:featuredmedia":[{"embeddable":true,"href":"https:\/\/www.europesays.com\/fr\/wp-json\/wp\/v2\/media\/552279"}],"wp:attachment":[{"href":"https:\/\/www.europesays.com\/fr\/wp-json\/wp\/v2\/media?parent=552278"}],"wp:term":[{"taxonomy":"category","embeddable":true,"href":"https:\/\/www.europesays.com\/fr\/wp-json\/wp\/v2\/categories?post=552278"},{"taxonomy":"post_tag","embeddable":true,"href":"https:\/\/www.europesays.com\/fr\/wp-json\/wp\/v2\/tags?post=552278"}],"curies":[{"name":"wp","href":"https:\/\/api.w.org\/{rel}","templated":true}]}}