{"id":552284,"date":"2025-11-22T23:51:13","date_gmt":"2025-11-22T23:51:13","guid":{"rendered":"https:\/\/www.europesays.com\/fr\/552284\/"},"modified":"2025-11-22T23:51:13","modified_gmt":"2025-11-22T23:51:13","slug":"la-justice-alerte-sur-une-augmentation-tres-significative-des-violences-sexuelles-dans-les-ecoles-de-paris","status":"publish","type":"post","link":"https:\/\/www.europesays.com\/fr\/552284\/","title":{"rendered":"La justice alerte sur une \u00ab\u00a0augmentation tr\u00e8s significative\u00a0\u00bb des violences sexuelles dans les \u00e9coles de Paris"},"content":{"rendered":"<p>                    Par<br \/>\n        <strong><br \/>\n            <a href=\"https:\/\/actu.fr\/auteur\/antoine-grotteria02\" title=\"Consulter tous les articles de Antoine Grotteria\" rel=\"nofollow noopener\" target=\"_blank\">Antoine Grotteria<\/a><br \/>\n                    <\/strong><\/p>\n<p>        Publi\u00e9 le<\/p>\n<p>            22 nov. 2025 \u00e0 19h16        <\/p>\n<p>Un fait de soci\u00e9t\u00e9 qui n\u00e9cessite une r\u00e9ponse coordonn\u00e9e. Depuis plusieurs mois, les affaires <a href=\"https:\/\/actu.fr\/ile-de-france\/paris_75056\/un-fleau-chaque-mois-un-scandale-d-agression-sexuelle-eclabousse-le-milieu-de-la-petite-enfance-a-paris_63446911.html\" rel=\"nofollow noopener\" target=\"_blank\">d\u2019agressions sexuelles dans les \u00e9coles maternelles \u00e0 Paris<\/a> \u00e9claboussent le milieu de <a href=\"https:\/\/actu.fr\/tag\/education\" rel=\"nofollow noopener\" target=\"_blank\">l\u2019\u00e9ducation<\/a>. Chaque fois, une r\u00e9ponse est apport\u00e9e\u2009: <a href=\"https:\/\/actu.fr\/ile-de-france\/paris_75056\/paris-un-animateur-de-l-ecole-bullourde-vise-par-une-plainte-pour-viol-aggrave-sur-une-fillette-de-4-ans_63436111.html\" rel=\"nofollow noopener\" target=\"_blank\">l\u2019agent p\u00e9riscolaire<\/a> est suspendu. Mais comment prendre \u00e0-bras-le-corps cette situation qui s\u2019aggrave\u2009? La <a href=\"https:\/\/actu.fr\/tag\/mairie-de-paris\" rel=\"nofollow noopener\" target=\"_blank\">Ville de Paris<\/a> a r\u00e9cemment annonc\u00e9 la cr\u00e9ation d\u2019un <strong>plan de protection de l\u2019enfance<\/strong>. Dans le sillage du politique, la justice se d\u00e9ploie. Dans un entretien accord\u00e9 \u00e0 <a href=\"https:\/\/www.liberation.fr\/societe\/police-justice\/deja-15-enquetes-judiciaires-ouvertes-en-2025-pour-violences-sexuelles-dans-les-maternelles-parisiennes-une-augmentation-tres-significative-20251122_P6TPXSWMKRDPVCZYADBFCM7FLI\/\" rel=\"nofollow noopener\" target=\"_blank\">Lib\u00e9ration<\/a>, et paru ce samedi 22\u00a0novembre 2025, la <strong>cheffe du parquet des mineurs de Paris<\/strong> a dress\u00e9 un \u00e9tat des lieux du ph\u00e9nom\u00e8ne.<\/p>\n<p>Une augmentation \u00ab\u2009sp\u00e9cifiquement parisienne\u2009\u00bb<\/p>\n<p class=\" wall-content\">\u00ab\u2009En 2025, <strong>quinze enqu\u00eates<\/strong> ont \u00e9t\u00e9 ouvertes pour des faits d\u2019agression sexuelle dans \u00e9coles maternelles parisiennes sur des enfants de 5\u00a0ans\u2009\u00bb, a fait savoir la procureure Lisa-Lou Wipf dans les colonnes du quotidien. Les derni\u00e8res en <a href=\"https:\/\/actu.fr\/tag\/academie-de-paris\" rel=\"nofollow noopener\" target=\"_blank\">date<\/a> remontent \u00e0 novembre, avec la <a href=\"https:\/\/actu.fr\/ile-de-france\/paris_75056\/soupcons-de-pedophilie-dans-des-ecoles-de-paris-le-rectorat-suspend-trois-enseignants-de-maternelle_63410803.html\" rel=\"nofollow noopener\" target=\"_blank\">suspension<\/a> de trois professeurs des \u00e9coles vis\u00e9s par des plaintes pour violences sexuelles sur des enfants dans le 10e, 19e et 20e arrondissement.<\/p>\n<p class=\" wall-content\">Pour la magistrate, il s\u2019agit \u00ab\u2009d\u2019une augmentation tr\u00e8s significative\u2009\u00bb et \u00ab\u2009sp\u00e9cifiquement parisienne\u2009\u00bb. La plupart des cas signal\u00e9s impliquent des <strong>animateurs<\/strong> du p\u00e9riscolaire dans les \u00e9coles publiques, o\u00f9 les remont\u00e9es d\u2019informations s\u2019av\u00e8rent plus <strong>fr\u00e9quentes<\/strong> que dans le milieu des \u00e9coles priv\u00e9es. Pourtant, la cheffe du parquet des mineurs de Paris exclut que \u00ab\u2009les cas soient plus nombreux\u2009\u00bb dans un secteur que dans l\u2019autre.<\/p>\n<p class=\" wall-content\">La cheffe du parquet des mineurs de Paris fait savoir que les signalements sont plus nombreux et plus rapides de par \u00ab\u2009la <strong>vigilance<\/strong> de la part des professionnels\u2009\u00bb, plus enclins \u00e0 rapporter les faits aux autorit\u00e9s. Si la procureure reconna\u00eet la difficult\u00e9 de recueillir la parole des enfants, elle estime que ce dernier \u00ab\u2009est davantage <strong>conscient de son statut et de sa place dans la soci\u00e9t\u00e9<\/strong>\u2009\u00bb. De ce fait, il \u00ab\u2009identifie mieux\u2009\u00bb ce qui rel\u00e8ve de la normalit\u00e9 chez un adulte.<\/p>\n<p class=\" wall-content\">Personnalisez votre actualit\u00e9 en ajoutant vos villes et m\u00e9dias en favori avec <a href=\"https:\/\/moncompte.actu.fr\" title=\"D\u00e9couvez Mon Actu\" rel=\"nofollow noopener\" data-trk=\"{&quot;cta&quot;:{&quot;action&quot;:&quot;https:\\\/\\\/moncompte.actu.fr&quot;,&quot;category&quot;:&quot;mon compte&quot;,&quot;from&quot;:&quot;article footer&quot;,&quot;name&quot;:&quot;Mon actu&quot;,&quot;type&quot;:&quot;cta&quot;}}\" target=\"_blank\">Mon Actu<\/a>.<\/p>\n","protected":false},"excerpt":{"rendered":"Par Antoine Grotteria Publi\u00e9 le 22 nov. 2025 \u00e0 19h16 Un fait de soci\u00e9t\u00e9 qui n\u00e9cessite une r\u00e9ponse&hellip;\n","protected":false},"author":2,"featured_media":552285,"comment_status":"","ping_status":"","sticky":false,"template":"","format":"standard","meta":{"footnotes":""},"categories":[1888],"tags":[11,4019,1719,1777,674,1011,27,12,626,25,104,799],"class_list":{"0":"post-552284","1":"post","2":"type-post","3":"status-publish","4":"format-standard","5":"has-post-thumbnail","7":"category-paris","8":"tag-actualites","9":"tag-ecoles","10":"tag-enfants","11":"tag-eu","12":"tag-europe","13":"tag-fr","14":"tag-france","15":"tag-news","16":"tag-paris","17":"tag-republique-francaise","18":"tag-societe","19":"tag-violences-sexuelles"},"share_on_mastodon":{"url":"https:\/\/pubeurope.com\/@fr\/115596039621242160","error":""},"_links":{"self":[{"href":"https:\/\/www.europesays.com\/fr\/wp-json\/wp\/v2\/posts\/552284","targetHints":{"allow":["GET"]}}],"collection":[{"href":"https:\/\/www.europesays.com\/fr\/wp-json\/wp\/v2\/posts"}],"about":[{"href":"https:\/\/www.europesays.com\/fr\/wp-json\/wp\/v2\/types\/post"}],"author":[{"embeddable":true,"href":"https:\/\/www.europesays.com\/fr\/wp-json\/wp\/v2\/users\/2"}],"replies":[{"embeddable":true,"href":"https:\/\/www.europesays.com\/fr\/wp-json\/wp\/v2\/comments?post=552284"}],"version-history":[{"count":0,"href":"https:\/\/www.europesays.com\/fr\/wp-json\/wp\/v2\/posts\/552284\/revisions"}],"wp:featuredmedia":[{"embeddable":true,"href":"https:\/\/www.europesays.com\/fr\/wp-json\/wp\/v2\/media\/552285"}],"wp:attachment":[{"href":"https:\/\/www.europesays.com\/fr\/wp-json\/wp\/v2\/media?parent=552284"}],"wp:term":[{"taxonomy":"category","embeddable":true,"href":"https:\/\/www.europesays.com\/fr\/wp-json\/wp\/v2\/categories?post=552284"},{"taxonomy":"post_tag","embeddable":true,"href":"https:\/\/www.europesays.com\/fr\/wp-json\/wp\/v2\/tags?post=552284"}],"curies":[{"name":"wp","href":"https:\/\/api.w.org\/{rel}","templated":true}]}}