{"id":552288,"date":"2025-11-22T23:53:14","date_gmt":"2025-11-22T23:53:14","guid":{"rendered":"https:\/\/www.europesays.com\/fr\/552288\/"},"modified":"2025-11-22T23:53:14","modified_gmt":"2025-11-22T23:53:14","slug":"affaire-de-lincendie-dun-ikea-en-lituanie-attribue-a-la-russie-un-verdict-qui-fera-date","status":"publish","type":"post","link":"https:\/\/www.europesays.com\/fr\/552288\/","title":{"rendered":"Affaire de l\u2019incendie d\u2019un Ikea en Lituanie attribu\u00e9 \u00e0 la Russie: un verdict qui fera date"},"content":{"rendered":"<p>\n                                                C\u2019est ce lundi 24 novembre 2025 qu\u2019une cour de justice de Vilnius rendra son verdict dans l\u2019affaire de l\u2019incendie en 2024 d\u2019un magasin Ikea. Un incendie attribu\u00e9 au renseignement militaire russe.                    <\/p>\n<p>De notre correspondante \u00e0 Vilnius, <\/p>\n<p>La derni\u00e8re audience avant de mettre le jugement en d\u00e9lib\u00e9r\u00e9 a \u00e9t\u00e9 rapide. Le jeune Ukrainien est sorti la t\u00eate baiss\u00e9e. Mineur au moment des faits, il a d\u00e9pos\u00e9 un m\u00e9canisme qui a pris feu le 9 mai 2024. Il a \u00e9t\u00e9 arr\u00eat\u00e9 quelques jours plus tard dans le bus pour Riga, en <strong><a href=\"https:\/\/www.rfi.fr\/fr\/tag\/lettonie\/\" target=\"_self\" class=\"gtm-add-suggested-tag\" rel=\"nofollow noopener\">Lettonie<\/a><\/strong>, o\u00f9 il devait commettre le m\u00eame forfait. Pour son avocate Renata Janusyte, \u00ab il regrette d\u2019avoir agi \u00e0 la l\u00e9g\u00e8re. Pour cela, on lui a promis une voiture et 10 000 euros, il a indiqu\u00e9 qui l\u2019avait contact\u00e9 pour cela et qui avait fait les transferts d\u2019argent.\u00a0\u00bb<\/p>\n<p>Ce proc\u00e8s a \u00e9t\u00e9 une mine de renseignements pour comprendre la r\u00e9alit\u00e9 d\u2019un sabotage. Vilmantas Vitkauskas est \u00e0 la t\u00eate du centre national de gestion des crises. Il se souvient de ce jour-l\u00e0. \u00ab\u00a0Nous avions \u00e9t\u00e9 pr\u00e9venus que de telles actions pouvaient avoir lieu en<strong> <a href=\"https:\/\/www.rfi.fr\/fr\/tag\/lituanie\/\" target=\"_self\" class=\"gtm-add-suggested-tag\" rel=\"nofollow noopener\">Lituanie<\/a><\/strong>. Chaque incendie, incident qui se produit n\u2019est jamais consid\u00e9r\u00e9 comme banal. L\u2019incendie du magasin Ikea n\u2019est pas le premier cas de sabotage, mais auparavant jamais un b\u00e2timent accueillant du public et pouvant causer des victimes n\u2019avait \u00e9t\u00e9 vis\u00e9.\u00a0\u00bb<\/p>\n<p>Le sabotage est la nouvelle r\u00e9alit\u00e9. La justice lituanienne enqu\u00eate sur l\u2019autodestruction de colis partis depuis Vilnius vers un entrep\u00f4t en <strong><a href=\"https:\/\/www.rfi.fr\/fr\/tag\/allemagne\/\" target=\"_self\" class=\"gtm-add-suggested-tag\" rel=\"nofollow noopener\">Allemagne<\/a><\/strong>, et sur la tentative d\u2019incendie d\u2019une soci\u00e9t\u00e9 soutenant l\u2019Ukraine. Giedrius Krupkauskas travaille pour les services de s\u00e9curit\u00e9 de l\u2019\u00c9tat. Il a d\u00e9crit les m\u00e9thodes russes lors d\u2019une conf\u00e9rence\u00a0: \u00ab\u00a0Toutes ces op\u00e9rations sont commandit\u00e9es par le pouvoir politique. La confrontation avec l\u2019Ouest se d\u00e9roule pour la <strong><a href=\"https:\/\/www.rfi.fr\/fr\/tag\/russie\/\" target=\"_self\" class=\"gtm-add-suggested-tag\" rel=\"nofollow noopener\">Russie<\/a><\/strong> dans une sorte d\u2019entre-deux, entre guerre et paix. Avec cet \u00e9tat d\u2019esprit, les sabotages sont consid\u00e9r\u00e9s comme l\u00e9gitimes. Un outil de guerre contre de soci\u00e9t\u00e9s europ\u00e9ennes en paix.\u00a0\u00bb<\/p>\n<p>Le but : faire vaciller le soutien occidental \u00e0 l&rsquo;Ukraine. Comment pr\u00e9venir le passage \u00e0 l\u2019acte de personnes souvent recrut\u00e9es via les r\u00e9seaux sociaux ? Le chercheur Marek Kohv de l\u2019ICDS, un centre de recherche sur la d\u00e9fense en Estonie, a quelques pistes. \u00ab Il est tr\u00e8s important que les peines prononc\u00e9es soient tr\u00e8s claires, \u00e7a peut \u00eatre dissuasif. Les gens re\u00e7oivent peu d\u2019argent pour ces actions. S\u2019il s\u2019av\u00e8re que pour gagner 500 ou 1000 euros, il est possible de risquer 10 ans de prison, cela va faire r\u00e9fl\u00e9chir.\u00a0\u00bb<\/p>\n<p>Le verdict prononc\u00e9 \u00e0 l\u2019\u00e9gard du jeune homme accus\u00e9 de crime en bande organis\u00e9e et d\u2019acte terroriste fera date dans l\u2019histoire judiciaire lituanienne.<\/p>\n","protected":false},"excerpt":{"rendered":"C\u2019est ce lundi 24 novembre 2025 qu\u2019une cour de justice de Vilnius rendra son verdict dans l\u2019affaire de&hellip;\n","protected":false},"author":2,"featured_media":552289,"comment_status":"","ping_status":"","sticky":false,"template":"","format":"standard","meta":{"footnotes":""},"categories":[1591],"tags":[11,674,1887,303,2050,12,2436,1885,1886,132],"class_list":{"0":"post-552288","1":"post","2":"type-post","3":"status-publish","4":"format-standard","5":"has-post-thumbnail","7":"category-russie","8":"tag-actualites","9":"tag-europe","10":"tag-federation-de-russie","11":"tag-justice","12":"tag-lituanie","13":"tag-news","14":"tag-reportage-international","15":"tag-russia","16":"tag-russian-federation","17":"tag-russie"},"share_on_mastodon":{"url":"https:\/\/pubeurope.com\/@fr\/115596047525759234","error":""},"_links":{"self":[{"href":"https:\/\/www.europesays.com\/fr\/wp-json\/wp\/v2\/posts\/552288","targetHints":{"allow":["GET"]}}],"collection":[{"href":"https:\/\/www.europesays.com\/fr\/wp-json\/wp\/v2\/posts"}],"about":[{"href":"https:\/\/www.europesays.com\/fr\/wp-json\/wp\/v2\/types\/post"}],"author":[{"embeddable":true,"href":"https:\/\/www.europesays.com\/fr\/wp-json\/wp\/v2\/users\/2"}],"replies":[{"embeddable":true,"href":"https:\/\/www.europesays.com\/fr\/wp-json\/wp\/v2\/comments?post=552288"}],"version-history":[{"count":0,"href":"https:\/\/www.europesays.com\/fr\/wp-json\/wp\/v2\/posts\/552288\/revisions"}],"wp:featuredmedia":[{"embeddable":true,"href":"https:\/\/www.europesays.com\/fr\/wp-json\/wp\/v2\/media\/552289"}],"wp:attachment":[{"href":"https:\/\/www.europesays.com\/fr\/wp-json\/wp\/v2\/media?parent=552288"}],"wp:term":[{"taxonomy":"category","embeddable":true,"href":"https:\/\/www.europesays.com\/fr\/wp-json\/wp\/v2\/categories?post=552288"},{"taxonomy":"post_tag","embeddable":true,"href":"https:\/\/www.europesays.com\/fr\/wp-json\/wp\/v2\/tags?post=552288"}],"curies":[{"name":"wp","href":"https:\/\/api.w.org\/{rel}","templated":true}]}}