{"id":552296,"date":"2025-11-22T23:57:28","date_gmt":"2025-11-22T23:57:28","guid":{"rendered":"https:\/\/www.europesays.com\/fr\/552296\/"},"modified":"2025-11-22T23:57:28","modified_gmt":"2025-11-22T23:57:28","slug":"coupe-davis-lespagne-ecarte-lallemagne-de-zverev-et-rejoint-litalie-en-finale-sport","status":"publish","type":"post","link":"https:\/\/www.europesays.com\/fr\/552296\/","title":{"rendered":"Coupe Davis. L\u2019Espagne \u00e9carte l\u2019Allemagne de Zverev et rejoint l\u2019Italie en finale . Sport"},"content":{"rendered":"<p>Comme en quart de finale contre la R\u00e9publique tch\u00e8que (victoire 2-1), la qualification s\u2019est jou\u00e9e au double d\u00e9cisif, dans lequel Marcel Granollers et Pedro Martinez ont domin\u00e9 6-2, 3-6, 6-3, les Allemands Kevin Krawietz et Tim Puetz.<\/p>\n<p>Bien revenus dans le match apr\u00e8s avoir \u00e9t\u00e9 nettement domin\u00e9s dans la premi\u00e8re manche,<a href=\"https:\/\/rennes.maville.com\/sport\/detail_-coupe-davis.-apres-un-scenario-dingue-l-allemagne-rejoint-l-espagne-en-demi-finale-_54135-7073855_actu.Htm\" target=\"_blank\" rel=\"nofollow noopener\"> les Allemands<\/a> ont craqu\u00e9 en d\u00e9but de troisi\u00e8me set, conc\u00e9dant leur service \u00e0 2-1 sur un jeu blanc.<\/p>\n<p>Leur seule balle de d\u00e9break (\u00e0 5-3) a \u00e9t\u00e9 \u00e9cart\u00e9e par un ace de Marcel Granollers et la rencontre s\u2019est conclue deux points plus tard sur un smash de Pedro Martinez.<\/p>\n<p>Pablo Carreno (89e) avait montr\u00e9 la voie \u00e0 l\u2019Espagne en battant 6-4, 7-6 (8\/6) le N.2\u00a0allemand Jan-Lennard Struff (84e) dans le premier simple de la journ\u00e9e.<\/p>\n<p>Alexander Zverev, joueur le mieux class\u00e9 des huit \u00e9quipes qualifi\u00e9es pour la phase finale en l\u2019absence de l\u2019Espagnol Carlos Alcaraz (1er) et de l\u2019Italien Jannik Sinner (2e), a ensuite remis les deux \u00e9quipes \u00e0 \u00e9galit\u00e9 en battant 7-6 (7\/2), 7-6 (7\/5) le Majorquin Jaume Munar (36e).<\/p>\n<p>M\u00eame renforc\u00e9e par le N.3\u00a0mondial, l\u2019Allemagne a \u00e9t\u00e9 \u00e9limin\u00e9e samedi pour la deuxi\u00e8me ann\u00e9e d\u2019affil\u00e9e dans le dernier carr\u00e9 de la Coupe Davis.<\/p>\n<p>En 2024, les triples vainqueurs de la comp\u00e9tition (1988, 1989, 1993) s\u2019\u00e9taient cass\u00e9 les dents sur les Pays-Bas en demi-finales \u00e0 Malaga, ville h\u00f4te de la phase finale pendant plusieurs ann\u00e9es avant qu\u2019elle ne d\u00e9m\u00e9nage \u00e0 Bologne en 2025.<\/p>\n<p>Les Espagnols viseront eux un septi\u00e8me titre dimanche, face \u00e0<a href=\"https:\/\/rennes.maville.com\/sport\/detail_-coupe-davis.-en-battant-la-belgique-l-italie-s-offre-une-troisieme-finale-de-suite-_54135-7074899_actu.Htm\" target=\"_blank\" rel=\"nofollow noopener\"> l\u2019Italie<\/a>, un adversaire qu\u2019ils ont battu six fois en treize duels de Coupe Davis.<\/p>\n<p>\u00a0<\/p>\n","protected":false},"excerpt":{"rendered":"Comme en quart de finale contre la R\u00e9publique tch\u00e8que (victoire 2-1), la qualification s\u2019est jou\u00e9e au double d\u00e9cisif,&hellip;\n","protected":false},"author":2,"featured_media":552297,"comment_status":"","ping_status":"","sticky":false,"template":"","format":"standard","meta":{"footnotes":""},"categories":[1587],"tags":[1111,11,672,2063,1804,5492,1805,1803,1777,674,1801,1922,1393,2487,12,1404,1802,2923,4251,853],"class_list":{"0":"post-552296","1":"post","2":"type-post","3":"status-publish","4":"format-standard","5":"has-post-thumbnail","7":"category-allemagne","8":"tag-actu","9":"tag-actualites","10":"tag-allemagne","11":"tag-annonces","12":"tag-bundesrepublik-deutschland","13":"tag-caen","14":"tag-de","15":"tag-deutschland","16":"tag-eu","17":"tag-europe","18":"tag-germany","19":"tag-info","20":"tag-loisirs","21":"tag-meteo","22":"tag-news","23":"tag-quotidien","24":"tag-republique-federale-dallemagne","25":"tag-restaurants","26":"tag-sortir","27":"tag-spectacles"},"share_on_mastodon":{"url":"https:\/\/pubeurope.com\/@fr\/115596063093507970","error":""},"_links":{"self":[{"href":"https:\/\/www.europesays.com\/fr\/wp-json\/wp\/v2\/posts\/552296","targetHints":{"allow":["GET"]}}],"collection":[{"href":"https:\/\/www.europesays.com\/fr\/wp-json\/wp\/v2\/posts"}],"about":[{"href":"https:\/\/www.europesays.com\/fr\/wp-json\/wp\/v2\/types\/post"}],"author":[{"embeddable":true,"href":"https:\/\/www.europesays.com\/fr\/wp-json\/wp\/v2\/users\/2"}],"replies":[{"embeddable":true,"href":"https:\/\/www.europesays.com\/fr\/wp-json\/wp\/v2\/comments?post=552296"}],"version-history":[{"count":0,"href":"https:\/\/www.europesays.com\/fr\/wp-json\/wp\/v2\/posts\/552296\/revisions"}],"wp:featuredmedia":[{"embeddable":true,"href":"https:\/\/www.europesays.com\/fr\/wp-json\/wp\/v2\/media\/552297"}],"wp:attachment":[{"href":"https:\/\/www.europesays.com\/fr\/wp-json\/wp\/v2\/media?parent=552296"}],"wp:term":[{"taxonomy":"category","embeddable":true,"href":"https:\/\/www.europesays.com\/fr\/wp-json\/wp\/v2\/categories?post=552296"},{"taxonomy":"post_tag","embeddable":true,"href":"https:\/\/www.europesays.com\/fr\/wp-json\/wp\/v2\/tags?post=552296"}],"curies":[{"name":"wp","href":"https:\/\/api.w.org\/{rel}","templated":true}]}}