{"id":552298,"date":"2025-11-22T23:58:15","date_gmt":"2025-11-22T23:58:15","guid":{"rendered":"https:\/\/www.europesays.com\/fr\/552298\/"},"modified":"2025-11-22T23:58:15","modified_gmt":"2025-11-22T23:58:15","slug":"milan-prat-devient-champion-deurope-des-super-welters-par-k-o","status":"publish","type":"post","link":"https:\/\/www.europesays.com\/fr\/552298\/","title":{"rendered":"Milan Prat devient champion d&rsquo;Europe des super-welters par K.-O."},"content":{"rendered":"<p>Au m\u00eame programme, Billal Bennama a remport\u00e9 son premier combat professionnel, battant l&rsquo;Italien Cristofer Salvatore aux points (60-54, 60-54, 60-53) en six rounds, samedi soir \u00e0 Clichy (Hauts-de-Seine).<\/p>\n<p>Sup\u00e9rieur dans tous les domaines, le vice-champion olympique des -51 kg a fait \u00e9talage de sa technique, travaillant beaucoup avec son direct du gauche, n&rsquo;h\u00e9sitant pas \u00e0 changer de rythme et \u00e0 donner des s\u00e9ries de six coups. Il n&rsquo;a jamais \u00e9branl\u00e9 l&rsquo;Italien (35 ans, 1,70m, 55,900 kg), mais ce dernier, la garde haute, \u00e9tat visiblement venu pour tenir la distance. Il comptait d\u00e9j\u00e0 dix d\u00e9faites (pour deux victoires), mais un seul de ses \u00e9checs avait \u00e9t\u00e9 avant la limite, sur blessure.<\/p>\n<p>\u00ab Billal a eu des probl\u00e8mes de distance, de puissance, remarque son p\u00e8re et entra\u00eeneur Mohammed Bennama, mais je suis satisfait. Il a vu ce qu&rsquo;\u00e9tait le rythme de la boxe pro. Il ne faut pas trop s&#8217;emballer, continuer \u00e0 travailler. Il ne faut pas \u00eatre press\u00e9, mais j&rsquo;aimerais qu&rsquo;il dispute le championnat de France des coq \u00e0 son quatri\u00e8me combat. Il disputera peut-\u00eatre le deuxi\u00e8me d\u00e9but d\u00e9cembre. \u00bb<\/p>\n","protected":false},"excerpt":{"rendered":"Au m\u00eame programme, Billal Bennama a remport\u00e9 son premier combat professionnel, battant l&rsquo;Italien Cristofer Salvatore aux points (60-54,&hellip;\n","protected":false},"author":2,"featured_media":552299,"comment_status":"","ping_status":"","sticky":false,"template":"","format":"standard","meta":{"footnotes":""},"categories":[1586],"tags":[11,1777,674,1011,27,12,25],"class_list":{"0":"post-552298","1":"post","2":"type-post","3":"status-publish","4":"format-standard","5":"has-post-thumbnail","7":"category-europe","8":"tag-actualites","9":"tag-eu","10":"tag-europe","11":"tag-fr","12":"tag-france","13":"tag-news","14":"tag-republique-francaise"},"share_on_mastodon":{"url":"","error":""},"_links":{"self":[{"href":"https:\/\/www.europesays.com\/fr\/wp-json\/wp\/v2\/posts\/552298","targetHints":{"allow":["GET"]}}],"collection":[{"href":"https:\/\/www.europesays.com\/fr\/wp-json\/wp\/v2\/posts"}],"about":[{"href":"https:\/\/www.europesays.com\/fr\/wp-json\/wp\/v2\/types\/post"}],"author":[{"embeddable":true,"href":"https:\/\/www.europesays.com\/fr\/wp-json\/wp\/v2\/users\/2"}],"replies":[{"embeddable":true,"href":"https:\/\/www.europesays.com\/fr\/wp-json\/wp\/v2\/comments?post=552298"}],"version-history":[{"count":0,"href":"https:\/\/www.europesays.com\/fr\/wp-json\/wp\/v2\/posts\/552298\/revisions"}],"wp:featuredmedia":[{"embeddable":true,"href":"https:\/\/www.europesays.com\/fr\/wp-json\/wp\/v2\/media\/552299"}],"wp:attachment":[{"href":"https:\/\/www.europesays.com\/fr\/wp-json\/wp\/v2\/media?parent=552298"}],"wp:term":[{"taxonomy":"category","embeddable":true,"href":"https:\/\/www.europesays.com\/fr\/wp-json\/wp\/v2\/categories?post=552298"},{"taxonomy":"post_tag","embeddable":true,"href":"https:\/\/www.europesays.com\/fr\/wp-json\/wp\/v2\/tags?post=552298"}],"curies":[{"name":"wp","href":"https:\/\/api.w.org\/{rel}","templated":true}]}}