{"id":552306,"date":"2025-11-23T00:03:15","date_gmt":"2025-11-23T00:03:15","guid":{"rendered":"https:\/\/www.europesays.com\/fr\/552306\/"},"modified":"2025-11-23T00:03:15","modified_gmt":"2025-11-23T00:03:15","slug":"apres-france-australie-48-33-fabien-galthie-on-est-moins-en-place-quil-y-a-quatre-ans","status":"publish","type":"post","link":"https:\/\/www.europesays.com\/fr\/552306\/","title":{"rendered":"Apr\u00e8s France &#8211; Australie (48-33). Fabien Galthi\u00e9\u00a0: \u00ab\u00a0On est moins en place qu\u2019il y a quatre ans\u00a0\u00bb"},"content":{"rendered":"<p class=\"interview-question\">Quel bilan faites-vous de cette tourn\u00e9e\u00a0?<\/p>\n<p class=\"interview-answer\">On a jou\u00e9 trois matchs, avec des profils d\u2019adversaires tr\u00e8s diff\u00e9rents. On termine par une victoire avec des choses positives et d\u2019autres n\u00e9gatives. Mais il y a du contenu. Il y a eu un premier match face \u00e0 l\u2019Afrique du Sud \u00e0 domicile (17-32)\u00a0: on a \u00e9t\u00e9 \u00e0 la hauteur pendant un peu plus de 60 minutes, mais je pense qu\u2019on avait besoin d\u2019un peu plus de temps et de v\u00e9cu ensemble. C\u2019est comme \u00e7a. Il y a du bon et du moins bon.<\/p>\n<p class=\"interview-question\">Quel est le moins bon\u00a0?<\/p>\n<p class=\"interview-answer\">C\u2019est ce que tout le monde voit\u00a0! On a encaiss\u00e9 cinq essais. Les r\u00e8gles aujourd\u2019hui favorisent la position offensive. Mais dans ces cinq essais, comme face aux Fidji ou \u00e0 l\u2019Afrique du Sud, il y a quelque chose de r\u00e9current qui a \u00e9t\u00e9 identifi\u00e9. Ce n\u2019est pas encore totalement rectifi\u00e9. Sauf la ma\u00eetrise de notre position d\u00e9fensive sans le ballon lors de la deuxi\u00e8me p\u00e9riode. C\u2019est-\u00e0-dire la capacit\u00e9 \u00e0 tenir l\u2019\u00e9change sans se mettre \u00e0 la faute. Quand on fait 8 fautes dans la zone des 22 au 22 en premi\u00e8re p\u00e9riode, vous d\u00e9fendez cinq ou six p\u00e9naltouches. C\u2019est basique.<\/p>\n<p class=\"interview-question\">\u00cates-vous rassur\u00e9s\u00a0?<\/p>\n<p class=\"interview-answer\">On ne cherche pas \u00e0 \u00eatre rassur\u00e9. On cherche \u00e0 aborder les matchs avec le plus de force possible. \u00c0 ce niveau-l\u00e0, tous les adversaires sont redoutables. On savait que celui-l\u00e0 \u00e9tait capable de retourner le match\u00a0: il joue tr\u00e8s tr\u00e8s vite. On cherche \u00e0 jouer avec confiance.<\/p>\n<p class=\"interview-question\">Vous avez le sentiment d\u2019\u00eatre moins en place\u00a0?<\/p>\n<p class=\"interview-answer\">La question qu\u2019on m\u2019a pos\u00e9e, c\u2019est \u00ab\u00a0on en est o\u00f9 par rapport \u00e0 pr\u00e9c\u00e9demment. Si je compare par rapport \u00e0 il y a tr\u00e8s exactement quatre ans, c\u2019est-\u00e0-dire \u00e0 deux ans (de la coupe du monde 2023), on est moins en place qu\u2019il y a quatre ans. On \u00e9tait sur une s\u00e9rie de 14 victoires cons\u00e9cutives. 24 victoires en 26, mais \u00e7a ne nous a pas emp\u00each\u00e9s de perdre d\u2019un point face \u00e0 l\u2019Afrique du Sud (en quart de finale). On n\u2019est pas au m\u00eame niveau\u00a0pour plein de petites raisons. Mais je le dis avec s\u00e9r\u00e9nit\u00e9.<\/p>\n<p class=\"interview-question\">Ressentez-vous de l\u2019inqui\u00e9tude\u00a0?<\/p>\n<p class=\"interview-answer\">Non. Chaque match nous a pos\u00e9 des probl\u00e8mes. Parfois, on a trouv\u00e9 des solutions\u00a0: on a deux victoires. Il y a de la mati\u00e8re. On a bien identifi\u00e9 les formes de travail qui doivent nous permettre de progresser. Il nous reste 17 matchs \u00e0 jouer avant la Coupe du monde. La seule chose qu\u2019on ne ma\u00eetrise pas, c\u2019est l\u2019\u00e9limination par les blessures. Mais on se rend compte que les joueurs qui ont \u00e9t\u00e9 bless\u00e9s longtemps, je pense \u00e0 Anthony Jelonch et Charles Ollivon, ont naturellement beaucoup de fra\u00eecheur.<\/p>\n<p class=\"interview-question\">Vaut-il mieux que cette p\u00e9riode plus difficile arrive maintenant, \u00e0 deux ans de la Coupe du monde\u00a0?<\/p>\n","protected":false},"excerpt":{"rendered":"Quel bilan faites-vous de cette tourn\u00e9e\u00a0? On a jou\u00e9 trois matchs, avec des profils d\u2019adversaires tr\u00e8s diff\u00e9rents. On&hellip;\n","protected":false},"author":2,"featured_media":552307,"comment_status":"","ping_status":"","sticky":false,"template":"","format":"standard","meta":{"footnotes":""},"categories":[4],"tags":[11,1011,27,12,25],"class_list":{"0":"post-552306","1":"post","2":"type-post","3":"status-publish","4":"format-standard","5":"has-post-thumbnail","7":"category-france","8":"tag-actualites","9":"tag-fr","10":"tag-france","11":"tag-news","12":"tag-republique-francaise"},"share_on_mastodon":{"url":"https:\/\/pubeurope.com\/@fr\/115596086664792680","error":""},"_links":{"self":[{"href":"https:\/\/www.europesays.com\/fr\/wp-json\/wp\/v2\/posts\/552306","targetHints":{"allow":["GET"]}}],"collection":[{"href":"https:\/\/www.europesays.com\/fr\/wp-json\/wp\/v2\/posts"}],"about":[{"href":"https:\/\/www.europesays.com\/fr\/wp-json\/wp\/v2\/types\/post"}],"author":[{"embeddable":true,"href":"https:\/\/www.europesays.com\/fr\/wp-json\/wp\/v2\/users\/2"}],"replies":[{"embeddable":true,"href":"https:\/\/www.europesays.com\/fr\/wp-json\/wp\/v2\/comments?post=552306"}],"version-history":[{"count":0,"href":"https:\/\/www.europesays.com\/fr\/wp-json\/wp\/v2\/posts\/552306\/revisions"}],"wp:featuredmedia":[{"embeddable":true,"href":"https:\/\/www.europesays.com\/fr\/wp-json\/wp\/v2\/media\/552307"}],"wp:attachment":[{"href":"https:\/\/www.europesays.com\/fr\/wp-json\/wp\/v2\/media?parent=552306"}],"wp:term":[{"taxonomy":"category","embeddable":true,"href":"https:\/\/www.europesays.com\/fr\/wp-json\/wp\/v2\/categories?post=552306"},{"taxonomy":"post_tag","embeddable":true,"href":"https:\/\/www.europesays.com\/fr\/wp-json\/wp\/v2\/tags?post=552306"}],"curies":[{"name":"wp","href":"https:\/\/api.w.org\/{rel}","templated":true}]}}