{"id":552312,"date":"2025-11-23T00:07:13","date_gmt":"2025-11-23T00:07:13","guid":{"rendered":"https:\/\/www.europesays.com\/fr\/552312\/"},"modified":"2025-11-23T00:07:13","modified_gmt":"2025-11-23T00:07:13","slug":"resultat-leolia-jeanjean-mayar-sherif-wta-125-colina-demi-finales-samedi-22-novembre-2025-lequipe","status":"publish","type":"post","link":"https:\/\/www.europesays.com\/fr\/552312\/","title":{"rendered":"R\u00e9sultat : Leolia Jeanjean &#8211; Mayar Sherif, WTA 125, Colina, Demi-finales, Samedi 22 novembre 2025 &#8211; L&#039;\u00c9quipe"},"content":{"rendered":"<ol>\n<li><a href=\"https:\/\/news.google.com\/rss\/articles\/CBMivwFBVV95cUxQd2dLRjMwYkZXdHlyLWppM1BBWE42bkZPaC1mTl9oUDNUMElJaTV0b3lMa3pnV0M0T0pGb19kenByT0lESmY1a3Q4M001V1FSdWhyaG5OUkFNVHFlbGk5c0dtLW1UOXhEZ3dpd3ZtWlp4MDh5T0JESXgyNnFDaUdkRjRvdGNWbEYzempKTGVuNEVDREx6MHdNWUx1cmViYmVtdGVBMnVZakM3eXYzczRMQnRxVzN6NTh2R1luMUh0SQ?oc=5\" target=\"_blank\" rel=\"nofollow noopener\">R\u00e9sultat : Leolia Jeanjean &#8211; Mayar Sherif, WTA 125, Colina, Demi-finales, Samedi 22 novembre 2025<\/a>&nbsp;&nbsp;L&rsquo;\u00c9quipe<\/li>\n<li><a href=\"https:\/\/news.google.com\/rss\/articles\/CBMihAFBVV95cUxPSXZEdHJhcDZtUVJuTW81U1NvLU9CMm9ObHNaZ1ZwYldFZVd3c0lhYzhrRTRndzBWTDlEbEVsNU1Cd0tmX2VBZnJtejh0c3JQeklIMnhmUVBoVERNODYtNnk3ZlFKdEQtZGtfZktGVWJfWmp1dkdHM1lzc1o0bzFVOTVnMmI?oc=5\" target=\"_blank\" rel=\"nofollow noopener\">WTA 125 de Colina : Jeanjean qualifi\u00e9e pour les demi-finales au Chili, Monnet battue en quarts<\/a>&nbsp;&nbsp;Tennis Temple<\/li>\n<li><a href=\"https:\/\/news.google.com\/rss\/articles\/CBMi0wFBVV95cUxNNG4tMGNuWVpHeWlEUUZVSlVGemphOW1yWFZuRmFDUHdoS096bnpnazZERzhNYzBCa2I0SWk1TFFtM3hRaHduY3haQVdMdlJ0SVlZVGlOSXhPMTNISnRLTkpoNE5NTGE1NkdPTHUxT3ppMTZqdGZfREJnMjI0ZFdEd3c2ek9sWUg4UHNuUmd0ZW5JSXdhQW1DaklCTHY1VzVPVU1GSDVNbXh4ZXRELUNZeVRlUzhJUTVUbEV2dVlxblNFNXVmemR1Q1J5ai0wX0VMUWlR?oc=5\" target=\"_blank\" rel=\"nofollow noopener\">Tennis: WTA &#8211; Colina &#8211; Carole Monnet pour confirmer la belle entame Fran\u00e7aise au Chili<\/a>&nbsp;&nbsp;MSN<\/li>\n<li><a href=\"https:\/\/news.google.com\/rss\/articles\/CBMiqgFBVV95cUxQb1I3cVBQeXlBUUppdTRUNUtWelg5NExoRGk4RjV0RXNOc1Nuc21CZ2tnV0F1UHZBOUNGQWREeUhLX19hR2tRbVJ5cVlnZWVoRlBGNEFGVlVZOEtOM1l3aWdOcnJrX3U2VHJkU1AzYjAtX3BkTnZEdzhyWTRiZVQyZ1MtNjFSWDllY1ctODhad1N2WXIxUjVzVy1HWTE0LU44LTI1dWYydG9sQdIBqgFBVV95cUxObnJGc25mVU5VanB3OENEeGQ5SGxyRFM5NHZIVTAzcTA5VVN3LS1lLTMycVBRRjIybTJKLUNTQ3MzT2FZc2VySTdwMDhTR0Y5X0tnalFFbHNQdkFsYWdXUUFJeGlETmtNcUVpRmdJMnVUaGFERXNkdzhOUmszWXNIOGl1dXI0TldzSnhRXzF4d2hVaHdzbGVZZEpkQ3lVTl9XTHBGLW1WMGJlUQ?oc=5\" target=\"_blank\" rel=\"nofollow noopener\">WTA &#8211; Colina: L&rsquo;Australie passe par le Chili pour L\u00e9olia Jeanjean<\/a>&nbsp;&nbsp;Tennis Actu TV<\/li>\n<li><a href=\"https:\/\/news.google.com\/rss\/articles\/CBMitAFBVV95cUxNcFBPSXJySzRSS2t5cnkxbmNzN2I3Ny1XMDVSVEpITkpaNWI1bTlRU2pvQUpQMUxzZjdNUkM0c25QOVVyQmlUSmtJR3I4QVgwaE96YXNvXzh6eHZsNEJQUXV1LWZOa3cyTUpickZVcV9DWlVNMzFvVF9pVzEwcTd0TDQxNlhPa1BEbHdfeGxFbVQ1b3Q5MG9zWlk1MldFNm5TVS0zVVFtSnhLNVlOOFZtblpYUjbSAbQBQVVfeXFMUHlRZTVlTFRzb1kza0QtQmg4djVpU1VrQXVZcjJ0T3pfbTZSMVFRckE3TXpseFNGTGpYQlVidDU0dmR5X0NicWg3NWdSLVNuTDNpSkZVbnhwZF80ZlhVc2lrT2hKZUZpb0RPdmNjNU9SbkV6SkQxUzhkM01JbGF2SjVuV0xrNTRsZE53MDRncF9WRENHcTlMRGZYS3VlNGE1Q2VyZGwxZ0JpblpONjNkTVRFX2xJ?oc=5\" target=\"_blank\" rel=\"nofollow noopener\">WTA &#8211; Colina: Pour L\u00e9olia Jeanjean, une demi-finale et le Top 100 \u00e0 la cl\u00e9&#8230;<\/a>&nbsp;&nbsp;Tennis Actu TV<\/li>\n<\/ol>\n","protected":false},"excerpt":{"rendered":"R\u00e9sultat : Leolia Jeanjean &#8211; Mayar Sherif, WTA 125, Colina, Demi-finales, Samedi 22 novembre 2025&nbsp;&nbsp;L&rsquo;\u00c9quipe WTA 125 de&hellip;\n","protected":false},"author":2,"featured_media":1983,"comment_status":"","ping_status":"","sticky":false,"template":"","format":"standard","meta":{"footnotes":""},"categories":[1415],"tags":[1011,27,60,1467],"class_list":{"0":"post-552312","1":"post","2":"type-post","3":"status-publish","4":"format-standard","5":"has-post-thumbnail","7":"category-tennis","8":"tag-fr","9":"tag-france","10":"tag-sports","11":"tag-tennis"},"share_on_mastodon":{"url":"https:\/\/pubeurope.com\/@fr\/115596102421496961","error":""},"_links":{"self":[{"href":"https:\/\/www.europesays.com\/fr\/wp-json\/wp\/v2\/posts\/552312","targetHints":{"allow":["GET"]}}],"collection":[{"href":"https:\/\/www.europesays.com\/fr\/wp-json\/wp\/v2\/posts"}],"about":[{"href":"https:\/\/www.europesays.com\/fr\/wp-json\/wp\/v2\/types\/post"}],"author":[{"embeddable":true,"href":"https:\/\/www.europesays.com\/fr\/wp-json\/wp\/v2\/users\/2"}],"replies":[{"embeddable":true,"href":"https:\/\/www.europesays.com\/fr\/wp-json\/wp\/v2\/comments?post=552312"}],"version-history":[{"count":0,"href":"https:\/\/www.europesays.com\/fr\/wp-json\/wp\/v2\/posts\/552312\/revisions"}],"wp:featuredmedia":[{"embeddable":true,"href":"https:\/\/www.europesays.com\/fr\/wp-json\/wp\/v2\/media\/1983"}],"wp:attachment":[{"href":"https:\/\/www.europesays.com\/fr\/wp-json\/wp\/v2\/media?parent=552312"}],"wp:term":[{"taxonomy":"category","embeddable":true,"href":"https:\/\/www.europesays.com\/fr\/wp-json\/wp\/v2\/categories?post=552312"},{"taxonomy":"post_tag","embeddable":true,"href":"https:\/\/www.europesays.com\/fr\/wp-json\/wp\/v2\/tags?post=552312"}],"curies":[{"name":"wp","href":"https:\/\/api.w.org\/{rel}","templated":true}]}}