{"id":552328,"date":"2025-11-23T00:21:14","date_gmt":"2025-11-23T00:21:14","guid":{"rendered":"https:\/\/www.europesays.com\/fr\/552328\/"},"modified":"2025-11-23T00:21:14","modified_gmt":"2025-11-23T00:21:14","slug":"bielle-biarrey-et-depoortere-intenables-fickou-trop-discret-les-notes-des-bleus","status":"publish","type":"post","link":"https:\/\/www.europesays.com\/fr\/552328\/","title":{"rendered":"Bielle-Biarrey et Depoortere intenables, Fickou trop discret&#8230; Les notes des Bleus"},"content":{"rendered":"<p>\n    Apr\u00e8s la victoire des Fran\u00e7ais sur les Australiens (48-33), retrouvez les notes attribu\u00e9es par nos sp\u00e9cialistes rugby.<\/p>\n<p class=\"fig-paragraph\"><strong>Gros (5,5)\u00a0:<\/strong> Le gaucher du RCT a \u00e9t\u00e9 solide en m\u00eal\u00e9e face \u00e0 Tupou, un s\u00e9rieux client. Grosse activit\u00e9 par ailleurs en d\u00e9fense. \u00c9chappe un ballon \u00e0 l\u2019impact (8e). Trop court pour rattraper Bell qui file \u00e0 l\u2019essai (22e). Remplac\u00e9 par <strong>Neti <\/strong>(65e) qui, comme l\u2019ensemble des rempla\u00e7ants, a permis de faire la diff\u00e9rence en fin de match.<\/p>\n<p class=\"fig-paragraph\"><strong>Marchand (5,5)\u00a0: <\/strong>Le talonneur toulousain est une poutre du pack tricolore. Bouscul\u00e9, comme l\u2019ensemble des avants, durant le premier acte. Mais il marque l\u2019essai qui d\u00e9livre les Bleus \u00e0 la conclusion d\u2019un ballon port\u00e9 apr\u00e8s une p\u00e9naltouche (64e). Ass\u00e8ne un \u00e9norme plaquage sur une offensive australienne (15e). Sanctionn\u00e9 pour avoir repris un ballon apr\u00e8s un en-avant (34e). Remplac\u00e9 par <strong>Lamothe<\/strong> (65e), qui a inscrit son premier essai avec les Bleus (78e) pour sa deuxi\u00e8me cape internationale.<\/p>\n<p class=\"fig-paragraph\"><strong>Montagne (5)\u00a0:<\/strong> Align\u00e9 pour la troisi\u00e8me fois d\u2019affil\u00e9e lors de cette tourn\u00e9e, le droitier de Clermont n\u2019a pas \u00e9t\u00e9 mis en difficult\u00e9 en m\u00eal\u00e9e. Discret par ailleurs dans\u2026<\/p>\n<p class=\"fig-premium-paywall__infos\">\n        Cet article est r\u00e9serv\u00e9 aux abonn\u00e9s.        Il vous reste 83% \u00e0 d\u00e9couvrir.\n    <\/p>\n<p>                <img  data- alt=\"Le Figaro\" class=\"fig-img--complete fig-img\"\/><\/p>\n<p class=\"fig-premium-paywall__title\">Black Friday<\/p>\n<p class=\"fig-premium-paywall__subtitle\">-70% sur l&rsquo;abonnement num\u00e9rique<\/p>\n<p class=\"fig-premium-paywall__connect\">\n                D\u00e9j\u00e0 abonn\u00e9\u00a0?                <a class=\"fig-premium-paywall__connect-link\" href=\"https:\/\/connect.lefigaro.fr\/login?client=horizon_web&amp;type=main&amp;redirect_uri=https%3A%2F%2Fwww.lefigaro.fr%2Fsports%2Frugby%2Fxv-de-france%2Ffrance-australie-bielle-biarrey-et-depoortere-intenables-fickou-trop-discret-les-notes-des-bleus-20251122\" data-js-gtm=\"{&quot;customCategorie&quot;: &quot;conversion&quot;, &quot;customAction&quot;: &quot;before_Landing_Connexion_paywall_auto&quot;, &quot;customLabel&quot;: &quot;bGVmaWdhcm8uZnJfXzFmMGM3ZWYzLWYzMTYtNjc4OC05MzlhLTYzOTI3MzU0YTM4Nl9fTmV3c0ZsYXNo_France-Australie\u00a0: Bielle-Biarrey et Depoortere intenables, Fickou trop discret... Les notes des Bleus_168&quot;, &quot;customIDSPE&quot;: &quot;bGVmaWdhcm8uZnJfXzFmMGM3ZWYzLWYzMTYtNjc4OC05MzlhLTYzOTI3MzU0YTM4Nl9fTmV3c0ZsYXNo&quot;, &quot;event&quot;: &quot;customEventSPE&quot;}\" rel=\"nofollow noopener\" target=\"_blank\"><br \/>\n                    Connectez-vous<br \/>\n                <\/a>\n            <\/p>\n","protected":false},"excerpt":{"rendered":"Apr\u00e8s la victoire des Fran\u00e7ais sur les Australiens (48-33), retrouvez les notes attribu\u00e9es par nos sp\u00e9cialistes rugby. Gros&hellip;\n","protected":false},"author":2,"featured_media":552329,"comment_status":"","ping_status":"","sticky":false,"template":"","format":"standard","meta":{"footnotes":""},"categories":[9],"tags":[1011,27,12099,60,513],"class_list":{"0":"post-552328","1":"post","2":"type-post","3":"status-publish","4":"format-standard","5":"has-post-thumbnail","7":"category-sports","8":"tag-fr","9":"tag-france","10":"tag-louis-bielle-biarrey","11":"tag-sports","12":"tag-xv-de-france"},"share_on_mastodon":{"url":"https:\/\/pubeurope.com\/@fr\/115596157551106473","error":""},"_links":{"self":[{"href":"https:\/\/www.europesays.com\/fr\/wp-json\/wp\/v2\/posts\/552328","targetHints":{"allow":["GET"]}}],"collection":[{"href":"https:\/\/www.europesays.com\/fr\/wp-json\/wp\/v2\/posts"}],"about":[{"href":"https:\/\/www.europesays.com\/fr\/wp-json\/wp\/v2\/types\/post"}],"author":[{"embeddable":true,"href":"https:\/\/www.europesays.com\/fr\/wp-json\/wp\/v2\/users\/2"}],"replies":[{"embeddable":true,"href":"https:\/\/www.europesays.com\/fr\/wp-json\/wp\/v2\/comments?post=552328"}],"version-history":[{"count":0,"href":"https:\/\/www.europesays.com\/fr\/wp-json\/wp\/v2\/posts\/552328\/revisions"}],"wp:featuredmedia":[{"embeddable":true,"href":"https:\/\/www.europesays.com\/fr\/wp-json\/wp\/v2\/media\/552329"}],"wp:attachment":[{"href":"https:\/\/www.europesays.com\/fr\/wp-json\/wp\/v2\/media?parent=552328"}],"wp:term":[{"taxonomy":"category","embeddable":true,"href":"https:\/\/www.europesays.com\/fr\/wp-json\/wp\/v2\/categories?post=552328"},{"taxonomy":"post_tag","embeddable":true,"href":"https:\/\/www.europesays.com\/fr\/wp-json\/wp\/v2\/tags?post=552328"}],"curies":[{"name":"wp","href":"https:\/\/api.w.org\/{rel}","templated":true}]}}