{"id":552332,"date":"2025-11-23T00:23:24","date_gmt":"2025-11-23T00:23:24","guid":{"rendered":"https:\/\/www.europesays.com\/fr\/552332\/"},"modified":"2025-11-23T00:23:24","modified_gmt":"2025-11-23T00:23:24","slug":"amazon-brade-la-meilleure-enceinte-connectee-de-sonos-pour-le-black-friday-frandroid","status":"publish","type":"post","link":"https:\/\/www.europesays.com\/fr\/552332\/","title":{"rendered":"Amazon brade la meilleure enceinte connect\u00e9e de Sonos pour le Black Friday \u2014 Frandroid"},"content":{"rendered":"<p>Vous cherchiez le moment id\u00e9al pour commencer (ou compl\u00e9ter) votre syst\u00e8me Sonos ? Amazon vient de le servir sur un plateau. La tr\u00e8s polyvalente Era 100 perd un quart de son prix, et c\u2019est une excellente nouvelle.<\/p>\n<p><a target=\"_blank\" href=\"https:\/\/images.frandroid.com\/wp-content\/uploads\/2025\/11\/era-100.jpg\" class=\"article-content__figure\" rel=\"noopener\"><img fetchpriority=\"high\" decoding=\"async\" loading=\"eager\" width=\"1200\" height=\"675\" src=\"https:\/\/www.europesays.com\/fr\/wp-content\/uploads\/2025\/11\/era-100.jpg\" alt=\"\" class=\"wp-image-2881989 wp-image wp-image\"  \/><\/a><\/p>\n<p>C\u2019est le prix le plus bas constat\u00e9 depuis le lancement. L\u2019enceinte <strong>Sonos Era 100<\/strong> est disponible <a target=\"_blank\" href=\"https:\/\/shop.frandroid.com\/g7cgxqsx\" rel=\"noopener\">\u00e0 <strong>170,10 euros<\/strong> sur Amazon<\/a>.<\/p>\n<p>Cela repr\u00e9sente une remise de <strong>26 %<\/strong> par rapport au prix barr\u00e9 r\u00e9cent. L\u2019offre est valable aussi bien sur le mod\u00e8le <strong>Blanc<\/strong> que sur le mod\u00e8le <strong>Noir<\/strong>.<\/p>\n<p>Le produit en bref<\/p>\n<p>L\u2019Era 100, c\u2019est la Sonos One, en mieux. Beaucoup mieux. Physiquement, elle est un peu plus grande, mais c\u2019est \u00e0 l\u2019int\u00e9rieur que tout change. Elle embarque un woofer <strong>25 % plus grand<\/strong> pour des basses plus profondes et <strong>deux tweeters<\/strong> orient\u00e9s sur les c\u00f4t\u00e9s pour simuler un effet st\u00e9r\u00e9o bien plus large.<\/p>\n<p>                <img decoding=\"async\" width=\"1200\" height=\"446\" loading=\"lazy\" alt=\"Eufy Box Partenaire\" title=\"Eufy Box Partenaire\" class=\"is-radiusless placeholder-default wp-image\" src=\"https:\/\/www.europesays.com\/fr\/wp-content\/uploads\/2025\/11\/eufy-box-partenaire-1200x446.jpg\" \/>            <\/p>\n<p>\n                    La tranquillit\u00e9 de la s\u00e9curit\u00e9 \u00e0 prix cass\u00e9                <\/p>\n<p class=\"has-text-weight-medium is-size-6 is-line-height-normal\">\n                    S\u00e9curit\u00e9 connect\u00e9e, vision nocturne et stockage local inclus. Prot\u00e9gez votre domicile avec ce kit de 2 SoloCam E42 en ce moment \u00e0 un prix jamais vu !                <\/p>\n<p><a target=\"_blank\" href=\"https:\/\/www.europesays.com\/fr\/wp-content\/uploads\/2025\/11\/image-120-3.jpg\" class=\"article-content__figure\"><img loading=\"lazy\" decoding=\"async\" width=\"1200\" height=\"1200\" src=\"https:\/\/www.europesays.com\/fr\/wp-content\/uploads\/2025\/11\/image-120-3.jpg\" alt=\"\" class=\"wp-image-2881991 wp-image\"  \/><\/a><\/p>\n<p>Elle int\u00e8gre aussi le <strong>Bluetooth<\/strong>. Vous n\u2019\u00eates plus bloqu\u00e9 par le Wi-Fi, vos amis peuvent se connecter en deux secondes. Elle propose aussi une entr\u00e9e ligne via USB-C (on y reviendra) et le calibrage Trueplay facile via Android ou iOS.<\/p>\n<p class=\"shortcode-container see-more\">\n    Pour aller plus loin<br \/><a href=\"https:\/\/www.frandroid.com\/marques\/sonos\/1638771_test-sonos-era-100-un-son-plus-atmospherique-et-puissant\" target=\"_blank\" rel=\"noopener\">Test de la Sonos Era 100 : un son atmosph\u00e9rique et puissant<\/a>\n            <\/p>\n<p>Ce qu\u2019on en pense vraiment<\/p>\n<p>C\u2019est une r\u00e9ussite acoustique, c\u2019est ind\u00e9niable. Voici d\u2019ailleurs <a href=\"https:\/\/www.frandroid.com\/marques\/sonos\/1638771_test-sonos-era-100-un-son-plus-atmospherique-et-puissant\" target=\"_blank\" rel=\"noopener\">notre test complet<\/a>.<\/p>\n<p><strong>Les points forts :<\/strong><\/p>\n<ul class=\"wp-block-list\">\n<li><strong>Le son :<\/strong> c\u2019est bluffant pour la taille. C\u2019est riche, puissant et pr\u00e9cis.<\/li>\n<li><strong>La polyvalence :<\/strong> Wi-Fi 6, AirPlay 2, Bluetooth\u2026 elle sait tout faire.<\/li>\n<li><strong>L\u2019\u00e9cosyst\u00e8me :<\/strong> l\u2019application Sonos reste la reine du multiroom.<\/li>\n<\/ul>\n<p><strong>Les points faibles :<\/strong><\/p>\n<ul class=\"wp-block-list\">\n<li><strong>L\u2019adaptateur :<\/strong> vous voulez brancher une platine vinyle ? Il faut acheter un dongle USB-C propri\u00e9taire en plus. Mesquin.<\/li>\n<li><strong>Google Assistant :<\/strong> il a disparu. C\u2019est Alexa ou Sonos Voice Control, point barre.<\/li>\n<\/ul>\n<p>Notre avis <\/p>\n<p>La r\u00e9alit\u00e9 ? \u00c0 279 \u20ac (son prix de lancement), on grima\u00e7ait. \u00c0 <strong>170 euros<\/strong>, on applaudit.<\/p>\n<p>Je dois insister sur un point pour les habitu\u00e9s de la marque : l\u2019absence de Google Assistant est p\u00e9nible si votre maison est domotis\u00e9e chez Google. Vraiment. Mais si vous \u00eates team Alexa ou Apple HomeKit, c\u2019est un non-sujet.<\/p>\n<p>Bref, si vous voulez une enceinte compacte qui sonne \u00ab\u00a0grand\u00a0\u00bb et qui peut enfin servir d\u2019enceinte Bluetooth d\u2019appoint, c\u2019est le moment. \u00c0 ce tarif, en prendre deux pour faire une vraie paire st\u00e9r\u00e9o dans le salon devient m\u00eame une option tr\u00e8s s\u00e9rieuse. <\/p>\n<p>Black Friday Week : pour ne rien rater des offres<\/p>\n<p>Le v\u00e9ritable Black Friday ne commencera que le 28 novembre prochain, mais les e-commer\u00e7ants ont d\u00e9j\u00e0 partag\u00e9 des offres en avance lors d\u2019une sorte d\u2019avant-premi\u00e8re du vendredi noir. En ce moment, Amazon lance la Black Friday Week, pour faire encore plus de bonnes affaires. Une aubaine si vous voulez anticiper vos achats de fin d\u2019ann\u00e9e.<\/p>\n<p>Si vous n\u2019avez pas trouv\u00e9 votre bonheur dans les s\u00e9lections pr\u00e9c\u00e9demment cit\u00e9es, voici ce qu\u2019il vous reste \u00e0 faire : <\/p>\n<ul class=\"wp-block-list\">\n<li>T\u00e9l\u00e9chargez notre nouvelle extension Chrome Frandroid Check afin de comparer facilement et sans intrusion les prix des produits : <a href=\"https:\/\/www.frandroid.com\/humanoid\/2877567_telechargez-frandroid-check-le-comparateur-de-prix-et-de-tests-integre-a-votre-navigateur\" target=\"_blank\" rel=\"noreferrer noopener\">tout est expliqu\u00e9 ici<\/a>. <\/li>\n<li>Suivez notre compte X\u00a0<a href=\"https:\/\/twitter.com\/FrandroidPromos\" target=\"_blank\" rel=\"noreferrer noopener\">@FrandroidPromos<\/a> uniquement d\u00e9di\u00e9 aux bons plans (pensez \u00e0 activer la cloche pour recevoir les notifications en temps r\u00e9el)<\/li>\n<li><a href=\"https:\/\/whatsapp.com\/channel\/0029VabYxm5LI8YhSlD8xc05\" target=\"_blank\" rel=\"noreferrer noopener\">Rejoignez notre canal WhatsApp<\/a> pour recevoir une fois par jour un condens\u00e9 des meilleures offres<\/li>\n<li>T\u00e9l\u00e9chargez notre <a href=\"https:\/\/www.frandroid.com\/telecharger\/apps\/frandroid\" target=\"_blank\" rel=\"noreferrer noopener\">application Frandroid<\/a> (disponible sur iOS et Android) pour activer les notifications de la cat\u00e9gorie \u00ab Bons Plans \u00bb et ainsi recevoir en temps r\u00e9el les nouveaux articles li\u00e9s au Black Friday 2025<\/li>\n<li>Abonnez-vous \u00e0 notre newsletter pour \u00eatre s\u00fbr de recevoir les offres en avant-premi\u00e8re (pas plus d\u2019un mail par jour, d\u00e9sinscription en 1 clic, aucune diffusion \u00e0 des tiers) :<\/li>\n<\/ul>\n<p class=\"newsletter-form__title is-size-6 is-size-7-mobile is-uppercase has-text-good-deals has-text-weight-semibold mb-4 px-5\">Frandroid Bons plans<\/p>\n<p class=\"has-text-centered-tablet newsletter-form__subtitle is-size-4 has-text-weight-bold has-text-primary column is-9-tablet is-10-mobile\">\n                C\u2019est enregistr\u00e9 ! Surveillez votre bo\u00eete aux lettres, vous allez entendre parler de nous\u00a0!\n            <\/p>\n<p class=\"newsletter-form__subtitle is-size-4 has-text-weight-bold has-text-gradient-pink\">Ne manquez aucun bon plan avec notre newsletter<\/p>\n<p class=\"is-size-7\">\n                Les donn\u00e9es transmises par le biais de ce formulaire sont destin\u00e9es \u00e0 Humanoid,<br \/>\n                soci\u00e9t\u00e9 \u00e9ditrice du site Frandroid en sa qualit\u00e9 de responsable de traitement.<br \/>\n                Elles ne seront en aucun cas c\u00e9d\u00e9es \u00e0 des tiers. Ces donn\u00e9es sont trait\u00e9es sous r\u00e9serve d\u2019obtention de<br \/>\n                votre consentement pour vous envoyer par e-mail des actualit\u00e9s et informations relatives aux contenus<br \/>\n                \u00e9ditoriaux publi\u00e9s sur Frandroid. Vous pouvez vous opposer \u00e0 tout moment \u00e0 ces e-mails<br \/>\n                en cliquant sur les liens de d\u00e9sinscriptions pr\u00e9sents dans chacun d\u2019eux. Pour plus d\u2019informations, vous<br \/>\n                pouvez consulter l\u2019int\u00e9gralit\u00e9 de notre <a href=\"https:\/\/www.frandroid.com\/politique-donnees-personnelles\" target=\"_blank\" rel=\"noopener\"><br \/>\n                politique de traitement de vos donn\u00e9es personnelles<\/a>.<br \/>\n                Vous disposez d\u2019un droit d\u2019acc\u00e8s, de rectification, d\u2019effacement, de limitation, de portabilit\u00e9 et<br \/>\n                d\u2019opposition pour motif l\u00e9gitime aux donn\u00e9es personnelles vous concernant. Pour exercer l\u2019un de ces droits,<br \/>\n                merci d\u2019effectuer votre demande via notre <a href=\"https:\/\/www.frandroid.com\/contact\/#RGPD\" target=\"_blank\" rel=\"noopener\">formulaire<br \/>\n                de demandes d\u2019exercices de droits d\u00e9di\u00e9<\/a>.\n            <\/p>\n<p>            <script async src=\"https:\/\/platform.twitter.com\/widgets.js\" charset=\"utf-8\"><\/script><\/p>\n","protected":false},"excerpt":{"rendered":"Vous cherchiez le moment id\u00e9al pour commencer (ou compl\u00e9ter) votre syst\u00e8me Sonos ? Amazon vient de le servir&hellip;\n","protected":false},"author":2,"featured_media":552333,"comment_status":"","ping_status":"","sticky":false,"template":"","format":"standard","meta":{"footnotes":""},"categories":[7],"tags":[201,1011,27,43,40,41,39,42,44],"class_list":{"0":"post-552332","1":"post","2":"type-post","3":"status-publish","4":"format-standard","5":"has-post-thumbnail","7":"category-sciences-et-technologies","8":"tag-bons-plans-amazon","9":"tag-fr","10":"tag-france","11":"tag-science","12":"tag-science-and-technology","13":"tag-sciences","14":"tag-sciences-et-technologies","15":"tag-technologies","16":"tag-technology"},"share_on_mastodon":{"url":"https:\/\/pubeurope.com\/@fr\/115596166982540633","error":""},"_links":{"self":[{"href":"https:\/\/www.europesays.com\/fr\/wp-json\/wp\/v2\/posts\/552332","targetHints":{"allow":["GET"]}}],"collection":[{"href":"https:\/\/www.europesays.com\/fr\/wp-json\/wp\/v2\/posts"}],"about":[{"href":"https:\/\/www.europesays.com\/fr\/wp-json\/wp\/v2\/types\/post"}],"author":[{"embeddable":true,"href":"https:\/\/www.europesays.com\/fr\/wp-json\/wp\/v2\/users\/2"}],"replies":[{"embeddable":true,"href":"https:\/\/www.europesays.com\/fr\/wp-json\/wp\/v2\/comments?post=552332"}],"version-history":[{"count":0,"href":"https:\/\/www.europesays.com\/fr\/wp-json\/wp\/v2\/posts\/552332\/revisions"}],"wp:featuredmedia":[{"embeddable":true,"href":"https:\/\/www.europesays.com\/fr\/wp-json\/wp\/v2\/media\/552333"}],"wp:attachment":[{"href":"https:\/\/www.europesays.com\/fr\/wp-json\/wp\/v2\/media?parent=552332"}],"wp:term":[{"taxonomy":"category","embeddable":true,"href":"https:\/\/www.europesays.com\/fr\/wp-json\/wp\/v2\/categories?post=552332"},{"taxonomy":"post_tag","embeddable":true,"href":"https:\/\/www.europesays.com\/fr\/wp-json\/wp\/v2\/tags?post=552332"}],"curies":[{"name":"wp","href":"https:\/\/api.w.org\/{rel}","templated":true}]}}