{"id":552338,"date":"2025-11-23T00:26:20","date_gmt":"2025-11-23T00:26:20","guid":{"rendered":"https:\/\/www.europesays.com\/fr\/552338\/"},"modified":"2025-11-23T00:26:20","modified_gmt":"2025-11-23T00:26:20","slug":"la-vigilance-orange-neige-verglas-pour-la-nuit-de-samedi-a-dimanche-setend-a-six-autres-departements","status":"publish","type":"post","link":"https:\/\/www.europesays.com\/fr\/552338\/","title":{"rendered":"la vigilance orange neige-verglas pour la nuit de samedi \u00e0 dimanche s\u2019\u00e9tend \u00e0 six autres d\u00e9partements"},"content":{"rendered":"<p>        <img decoding=\"async\" loading=\"lazy\" src=\"https:\/\/www.europesays.com\/fr\/wp-content\/uploads\/2025\/11\/d588c5d_1704953274929-000-34dd3jk.jpg\"  width=\"728\" height=\"409\" alt=\"C\u2019est sur les reliefs de l\u2019Est, et dans le Nord de la France, que la neige a le plus de chance de tomber la semaine prochaine, en particulier jeudi 21\u00a0novembre.\"\/>  <\/p>\n<p>CHRISTOPHE ARCHAMBAULT \/ AFP<\/p>\n<p>C\u2019est sur les reliefs de l\u2019Est, et dans le Nord de la France, que la neige a le plus de chance de tomber la semaine prochaine, en particulier jeudi 21\u00a0novembre.<\/p>\n<p class=\"asset asset-text\">La neige et le verglas vont s\u2019inviter dans plusieurs d\u00e9partements <a href=\"https:\/\/www.huffingtonpost.fr\/france\/article\/le-froid-s-intensifie-en-france-le-ministre-des-transports-prevoit-un-week-end-de-galeres_257352.html\" target=\"_blank\" rel=\"noopener\" title=\"Nouvelle fen\u00eatre\">ce week-end<\/a>. La totalit\u00e9 de l\u2019\u00cele-de-France et une partie du Massif central seront en vigilance orange neige\/verglas dans la nuit du samedi\u00a022\u00a0au dimanche\u00a023, le ministre des Transports appelant \u00e0 \u00ab\u00a0la prudence\u00a0\u00bb en particulier sur les routes. <a href=\"https:\/\/vigilance.meteofrance.fr\/fr\" target=\"_blank\" rel=\"noopener\" title=\"Nouvelle fen\u00eatre\">M\u00e9t\u00e9o-France<\/a> s\u2019attend \u00e0 des chutes de neige dans la soir\u00e9e sur l\u2019ensemble de la r\u00e9gion \u00cele-de-France.<\/p>\n<p class=\"asset asset-text\">La vigilance orange s\u2019applique \u00e0 partir de 20\u00a0heures jusqu\u2019\u00e0 dimanche matin, 8\u00a0heures. Pour ce premier \u00e9pisode de froid de la saison, l\u2019organisme de pr\u00e9visions m\u00e9t\u00e9orologiques a \u00e9galement plac\u00e9 six autres d\u00e9partements en vigilance orange neige\/verglas \u00e0 partir de dimanche, 3\u00a0heures du matin. <strong>Comme vous pouvez le voir sur la carte ci-dessous<\/strong>, cette mise en garde concerne l\u2019Aveyron, le Cantal, le Corr\u00e8ze, le Creuse, la Haute-Vienne et le Puy-de-D\u00f4me.<\/p>\n<p> La lecture de ce contenu est susceptible d\u2019entra\u00eener un d\u00e9p\u00f4t de cookies de la part de l\u2019op\u00e9rateur tiers qui l\u2019h\u00e9berge. Compte-tenu des choix que vous avez exprim\u00e9s en mati\u00e8re de d\u00e9p\u00f4t de cookies, nous avons bloqu\u00e9 l\u2019affichage de ce contenu. Si vous souhaitez y acc\u00e9der, vous devez accepter la cat\u00e9gorie de cookies \u201cContenus tiers\u201d en cliquant sur le bouton ci-dessous. <\/p>\n<p> Lire la Vid\u00e9o        <\/p>\n<p class=\"asset asset-text\">\u00ab\u00a0\u00c0 partir du milieu de nuit de samedi \u00e0 dimanche et jusqu\u2019en fin de nuit, des pluies vergla\u00e7antes, en faibles quantit\u00e9s, sont pr\u00e9vues sur une partie du Massif central. Elles pourront y rendre les sols particuli\u00e8rement glissants\u00a0\u00bb, pr\u00e9vient M\u00e9t\u00e9o-France. \u00ab\u00a0Une perturbation pluvieuse rentre par la Bretagne\u00a0\u00bb, qui \u00ab\u00a0va progresser lentement vers l\u2019est et [\u2026] abordera une large bande centrale du pays\u00a0\u00bb, d\u00e9taille le pr\u00e9visionniste, selon qui les pr\u00e9cipitations, \u00ab\u00a0au contact de l\u2019<a href=\"https:\/\/www.huffingtonpost.fr\/environnement\/article\/meteo-la-neige-apres-la-douceur-le-coup-de-froid-s-amorce-sur-l-hexagone_257177.html\" target=\"_blank\" rel=\"noopener\">air plus froid<\/a>\u00a0\u00bb, se feront \u00ab\u00a0sous forme de neige ou localement de pluies vergla\u00e7antes\u00a0\u00bb.<\/p>\n<p class=\"asset asset-text\">\u00ab\u00a0<a href=\"https:\/\/www.huffingtonpost.fr\/france\/video\/meteo-la-neige-est-tombee-le-nord-est-du-pays-s-est-reveille-sous-un-paysage-blanc_257310.html\" target=\"_blank\" rel=\"noopener\">La tenue au sol<\/a> est attendue avec 5 \u00e0 7\u00a0cm sur la moiti\u00e9 ouest de la r\u00e9gion parisienne et 2 \u00e0 5\u00a0cm sur la moiti\u00e9 est. Pour Paris et la Petite-Couronne, 1 \u00e0 2\u00a0cm de neige au sol sont attendus,\u00a0\u00bb selon le site de l\u2019organisme. Celui-ci pr\u00e9cise que la neige devrait \u00ab\u00a0fondre \u00e0 partir de la mi-journ\u00e9e \u00e0 la faveur d\u2019un net redoux\u00a0\u00bb. \u00ab\u00a0Les premiers \u00e9pisodes quelquefois ne sont pas pris suffisamment au s\u00e9rieux et il y a des difficult\u00e9s suite \u00e0 un manque de prudence, a d\u00e9clar\u00e9 ce samedi le ministre des Transports Philippe Tabarot, nous avons donc voulu intervenir en amont pour informer\u00a0\u00bb le public.<\/p>\n<p>                     \u00ab\u00a0Mieux vaut reporter les d\u00e9placements indispensables\u00a0\u00bb    <\/p>\n<p class=\"asset asset-text\">\u00ab\u00a0La question principale, c\u2019est la question des routes\u00a0\u00bb, a-t-il dit \u00e0 la presse, depuis le centre de crise r\u00e9unissant les services de M\u00e9t\u00e9o France, des Infrastructures, de l\u2019Aviation civile, des Routes, la Pr\u00e9fecture de police et les op\u00e9rateurs de transport. \u00ab\u00a0Les personnes ont compris que si leurs d\u00e9placements n\u2019\u00e9taient pas indispensables, il valait mieux les reporter\u00a0\u00bb, a-t-il soulign\u00e9.<\/p>\n<p class=\"asset asset-text\">\u00ab\u00a0Et pour celles qui sont dans l\u2019obligation de se d\u00e9placer aujourd\u2019hui, notamment \u00e0 partir de 20\u00a0heures et jusqu\u2019\u00e0 demain 8\u00a0heures, on leur demande de s\u2019informer sur la situation du r\u00e9seau, de s\u2019\u00e9quiper et d\u2019\u00e9quiper leur v\u00e9hicule\u00a0\u00bb, a poursuivi le ministre. \u00ab\u00a0Et puis bien s\u00fbr la prudence est le message principal que je souhaite faire passer\u00a0\u00bb.<\/p>\n<p class=\"asset asset-text\">La vitesse autoris\u00e9e sur toute l\u2019\u00cele-de-France sera r\u00e9duite de 20\u00a0km\/h pour tous les v\u00e9hicules, et les d\u00e9passements interdits sur les grands axes pour les poids lourds de plus de 3,5 tonnes et v\u00e9hicules de transport de personnes, a d\u00e9cid\u00e9 la pr\u00e9fecture de police. En revanche, selon le ministre, \u00ab\u00a0les trains ne seront pas particuli\u00e8rement impact\u00e9s, et les r\u00e9seaux urbains et interurbains [\u2026] sont op\u00e9r\u00e9s actuellement\u00a0\u00bb.<\/p>\n<p class=\"asset asset-text\">Du c\u00f4t\u00e9 des a\u00e9roports, o\u00f9 les conditions affectent la visibilit\u00e9, \u00ab\u00a0il y a environ une heure de retard sur les vols de Roissy, \u00e7a risque d\u2019\u00eatre le cas \u00e9galement demain [dimanche], ce sont des \u00e9pisodes qui arrivent malheureusement bien souvent tout au long de l\u2019ann\u00e9e\u00a0\u00bb. Selon Philippe Tabarot, 7\u00a0500 agents des Routes seront mobilis\u00e9s ce week-end sur toute la France.<\/p>\n","protected":false},"excerpt":{"rendered":"CHRISTOPHE ARCHAMBAULT \/ AFP C\u2019est sur les reliefs de l\u2019Est, et dans le Nord de la France, que&hellip;\n","protected":false},"author":2,"featured_media":552339,"comment_status":"","ping_status":"","sticky":false,"template":"","format":"standard","meta":{"footnotes":""},"categories":[4],"tags":[11,6733,1011,27,662,2487,10584,12,25,27202],"class_list":{"0":"post-552338","1":"post","2":"type-post","3":"status-publish","4":"format-standard","5":"has-post-thumbnail","7":"category-france","8":"tag-actualites","9":"tag-auvergne","10":"tag-fr","11":"tag-france","12":"tag-ile-de-france","13":"tag-meteo","14":"tag-neige","15":"tag-news","16":"tag-republique-francaise","17":"tag-vigilance-orange"},"share_on_mastodon":{"url":"https:\/\/pubeurope.com\/@fr\/115596178331464329","error":""},"_links":{"self":[{"href":"https:\/\/www.europesays.com\/fr\/wp-json\/wp\/v2\/posts\/552338","targetHints":{"allow":["GET"]}}],"collection":[{"href":"https:\/\/www.europesays.com\/fr\/wp-json\/wp\/v2\/posts"}],"about":[{"href":"https:\/\/www.europesays.com\/fr\/wp-json\/wp\/v2\/types\/post"}],"author":[{"embeddable":true,"href":"https:\/\/www.europesays.com\/fr\/wp-json\/wp\/v2\/users\/2"}],"replies":[{"embeddable":true,"href":"https:\/\/www.europesays.com\/fr\/wp-json\/wp\/v2\/comments?post=552338"}],"version-history":[{"count":0,"href":"https:\/\/www.europesays.com\/fr\/wp-json\/wp\/v2\/posts\/552338\/revisions"}],"wp:featuredmedia":[{"embeddable":true,"href":"https:\/\/www.europesays.com\/fr\/wp-json\/wp\/v2\/media\/552339"}],"wp:attachment":[{"href":"https:\/\/www.europesays.com\/fr\/wp-json\/wp\/v2\/media?parent=552338"}],"wp:term":[{"taxonomy":"category","embeddable":true,"href":"https:\/\/www.europesays.com\/fr\/wp-json\/wp\/v2\/categories?post=552338"},{"taxonomy":"post_tag","embeddable":true,"href":"https:\/\/www.europesays.com\/fr\/wp-json\/wp\/v2\/tags?post=552338"}],"curies":[{"name":"wp","href":"https:\/\/api.w.org\/{rel}","templated":true}]}}