{"id":55234,"date":"2025-04-26T20:35:13","date_gmt":"2025-04-26T20:35:13","guid":{"rendered":"https:\/\/www.europesays.com\/fr\/55234\/"},"modified":"2025-04-26T20:35:13","modified_gmt":"2025-04-26T20:35:13","slug":"france-travail-condamne-pour-faute-inexcusable","status":"publish","type":"post","link":"https:\/\/www.europesays.com\/fr\/55234\/","title":{"rendered":"France Travail condamn\u00e9 pour \u00abfaute inexcusable\u00bb"},"content":{"rendered":"<p class=\"fig-paragraph\">France Travail a \u00e9t\u00e9 condamn\u00e9 pour \u00abfaute inexcusable\u00bb par la cour d&rsquo;appel de Grenoble apr\u00e8s le meurtre de son employ\u00e9e Patricia Pasquion en 2021 dans une agence \u00e0 Valence par le \u00ab<a href=\"http:\/\/www.lefigaro.fr\/faits-divers\/gabriel-fortin-le-tueur-de-drh-definitivement-condamne-a-la-perpetuite-20250409\" target=\"_blank\" data-fig-type=\"NewsFlash\" rel=\"noopener\" data-gtm-custom-categorie=\"navigation\" data-gtm-custom-action=\"crossclick\" data-gtm-custom-label=\"Contextuel\" data-gtm-event=\"customEventSPE\" data-fig-domain=\"LEFIGARO\">tueur de DRH<\/a> \u00bb, a indiqu\u00e9 samedi \u00e0 l&rsquo;AFP l&rsquo;avocat du mari de la victime.<\/p>\n<p class=\"fig-paragraph\">La cour a condamn\u00e9 l&rsquo;\u00e9tablissement public, anciennement P\u00f4le emploi, \u00e0 verser 3.000 euros au mari, Jean-Luc Pasquion, dans un arr\u00eat dat\u00e9 du 23 janvier et dont l&rsquo;AFP a obtenu copie, confirmant une information de l&rsquo;hebdomadaire Le Point. France Travail \u00abn&rsquo;a pas pris les mesures n\u00e9cessaires \u00e0 pr\u00e9venir un risque d&rsquo;agression, y compris mortel, dont il avait ou aurait d\u00fb avoir conscience\u00bb, a motiv\u00e9 la cour dans son arr\u00eat.<\/p>\n<p>Tu\u00e9e dans son bureau<\/p>\n<p class=\"fig-paragraph\">Le 28 janvier 2021, Patricia Pasquion, 54 ans et conseill\u00e8re \u00e0 l&rsquo;agence Victor Hugo du P\u00f4le Emploi \u00e0 Valence, avait \u00e9t\u00e9 tu\u00e9e dans son bureau par Gabriel Fortin, surnomm\u00e9 le \u00abtueur de DRH\u00bb et d\u00e9finitivement condamn\u00e9 \u00e0 perp\u00e9tuit\u00e9 en avril pour trois assassinats. \u00abFaute de s\u00e9paration ferm\u00e9e entre les zones d&rsquo;accueil du public\u00bb et les bureaux des agents, \u00abGabriel Fortin a pu se rendre directement dans le bureau vitr\u00e9 personnel\u00bb de la victime, \u00abo\u00f9 il a imm\u00e9diatement fait feu sur elle\u00bb, pointe la cour.<\/p>\n<p class=\"fig-paragraph\">\u00abL&#8217;employeur avait parfaitement conscience des dangers qui pouvaient exister\u00bb, a r\u00e9agi Me Dreyfus, selon qui la d\u00e9cision de la cour \u00abpeut faire avancer les choses en termes de s\u00e9curit\u00e9\u00bb.<\/p>\n<p class=\"fig-paragraph\">Selon une note d&rsquo;information du comit\u00e9 d&rsquo;\u00e9tablissement du P\u00f4le Emploi r\u00e9gional cit\u00e9 par la cour, \u00ab561 agressions ont eu lieu au cours de l&rsquo;ann\u00e9e 2016 pendant un accueil physique dans une agence Auvergne-Rh\u00f4ne-Alpes\u00bb, et l&rsquo;agence de Mme Pasquion \u00e9tait identifi\u00e9e comme \u00ab\u00e0 risque\u00bb.<\/p>\n<p>France Travail d\u00e9j\u00e0 condamn\u00e9<\/p>\n<p class=\"fig-paragraph\">France Travail avait d\u00e9j\u00e0 \u00e9t\u00e9 condamn\u00e9 en premi\u00e8re instance en mai 2023 par le tribunal judiciaire de Valence, saisi en 2021 par le mari de la victime, mais avait fait appel de la d\u00e9cision. Une contestation qui avait \u00e9t\u00e9 \u00abassez mal v\u00e9cue\u00bb par son client, a soulign\u00e9 Me Dreyfus.<\/p>\n<p class=\"fig-paragraph\">En janvier 2021, Gabriel Fortin, 49 ans, avait tu\u00e9 de sang-froid trois personnes et manqu\u00e9 une quatri\u00e8me \u00e0 quelques jours d&rsquo;intervalle. Trois de ses victimes, deux directrices et un directeur de ressources humaines, avaient \u00e9t\u00e9 associ\u00e9es \u00e0 ses licenciements dans le pass\u00e9, mais Patricia Pasquion n&rsquo;\u00e9tait pas personnellement connue du meurtrier, qui avait fr\u00e9quent\u00e9 son agence.<\/p>\n<p class=\"fig-paragraph\">Selon un document interne de France Travail, r\u00e9v\u00e9l\u00e9 par le site Politis et consult\u00e9 par l&rsquo;AFP en 2024, pr\u00e8s de 16.000 signalements d&rsquo;agression ont \u00e9t\u00e9 enregistr\u00e9s dans ses 900 agences en 2023.<\/p>\n","protected":false},"excerpt":{"rendered":"France Travail a \u00e9t\u00e9 condamn\u00e9 pour \u00abfaute inexcusable\u00bb par la cour d&rsquo;appel de Grenoble apr\u00e8s le meurtre de&hellip;\n","protected":false},"author":2,"featured_media":55235,"comment_status":"","ping_status":"","sticky":false,"template":"","format":"standard","meta":{"footnotes":""},"categories":[4],"tags":[47,1058,1054,1059,1060,1055,11,1057,118,1011,27,1061,303,12,1062,25,656,104,1056,809],"class_list":{"0":"post-55234","1":"post","2":"type-post","3":"status-publish","4":"format-standard","5":"has-post-thumbnail","7":"category-france","8":"tag-actualite","9":"tag-actualite-education","10":"tag-actualite-france","11":"tag-actualite-justice","12":"tag-actualite-securite","13":"tag-actualite-societe","14":"tag-actualites","15":"tag-education","16":"tag-faits-divers","17":"tag-fr","18":"tag-france","19":"tag-immigration","20":"tag-justice","21":"tag-news","22":"tag-polemique","23":"tag-republique-francaise","24":"tag-securite","25":"tag-societe","26":"tag-societe-francaise","27":"tag-violence"},"share_on_mastodon":{"url":"https:\/\/pubeurope.com\/@fr\/114406183561550159","error":""},"_links":{"self":[{"href":"https:\/\/www.europesays.com\/fr\/wp-json\/wp\/v2\/posts\/55234","targetHints":{"allow":["GET"]}}],"collection":[{"href":"https:\/\/www.europesays.com\/fr\/wp-json\/wp\/v2\/posts"}],"about":[{"href":"https:\/\/www.europesays.com\/fr\/wp-json\/wp\/v2\/types\/post"}],"author":[{"embeddable":true,"href":"https:\/\/www.europesays.com\/fr\/wp-json\/wp\/v2\/users\/2"}],"replies":[{"embeddable":true,"href":"https:\/\/www.europesays.com\/fr\/wp-json\/wp\/v2\/comments?post=55234"}],"version-history":[{"count":0,"href":"https:\/\/www.europesays.com\/fr\/wp-json\/wp\/v2\/posts\/55234\/revisions"}],"wp:featuredmedia":[{"embeddable":true,"href":"https:\/\/www.europesays.com\/fr\/wp-json\/wp\/v2\/media\/55235"}],"wp:attachment":[{"href":"https:\/\/www.europesays.com\/fr\/wp-json\/wp\/v2\/media?parent=55234"}],"wp:term":[{"taxonomy":"category","embeddable":true,"href":"https:\/\/www.europesays.com\/fr\/wp-json\/wp\/v2\/categories?post=55234"},{"taxonomy":"post_tag","embeddable":true,"href":"https:\/\/www.europesays.com\/fr\/wp-json\/wp\/v2\/tags?post=55234"}],"curies":[{"name":"wp","href":"https:\/\/api.w.org\/{rel}","templated":true}]}}