{"id":552351,"date":"2025-11-23T00:34:45","date_gmt":"2025-11-23T00:34:45","guid":{"rendered":"https:\/\/www.europesays.com\/fr\/552351\/"},"modified":"2025-11-23T00:34:45","modified_gmt":"2025-11-23T00:34:45","slug":"pourquoi-400-publicites-ont-elles-disparu-dans-la-nuit-a-angers","status":"publish","type":"post","link":"https:\/\/www.europesays.com\/fr\/552351\/","title":{"rendered":"Pourquoi 400\u00a0publicit\u00e9s ont-elles disparu dans la nuit \u00e0 Angers\u00a0?"},"content":{"rendered":"<p>Un an (presque) jour pour jour apr\u00e8s leur <a href=\"https:\/\/angers.maville.com\/actu\/actudet_-dans-la-nuit-ces-militants-ont-retire-pres-de-500-publicites-a-angers-_9-6565775_actu.Htm\" target=\"_blank\" rel=\"noopener\">\u00ab\u00a0Nuit blanche &#8211; Angers sans publicit\u00e9\u00a0\u00bb<\/a>, les militants d\u2019Extinction Rebellion Angers ont renouvel\u00e9 l\u2019action de d\u00e9sob\u00e9issance civile.<\/p>\n<p><strong>Lire aussi\u00a0: <\/strong> <a href=\"https:\/\/angers.maville.com\/actu\/actudet_-dans-la-nuit-ces-militants-ont-retire-pres-de-500-publicites-a-angers-_9-6565775_actu.Htm\" target=\"_blank\" rel=\"noopener\">Dans la nuit, ces militants ont retir\u00e9 pr\u00e8s de 500\u00a0publicit\u00e9s \u00e0 Angers<\/a><\/p>\n<p>Durant la nuit du 21 au 22\u00a0novembre 2025, ils ont retir\u00e9 400\u00a0pubs dans les panneaux et Abribus <strong>\u00ab\u00a0pour offrir un week-end lib\u00e9r\u00e9 de la pub aux Angevins\u00a0\u00bb<\/strong>, explique le mouvement, dans un communiqu\u00e9, ce samedi 22\u00a0novembre.<\/p>\n<p>\t<img decoding=\"async\" src=\"https:\/\/www.europesays.com\/fr\/wp-content\/uploads\/2025\/11\/P35596115D7075851G_px_640_.jpg\" alt=\"photo des militants\u00a0d\u2019extinction rebellion ont retir\u00e9 400\u00a0pubs \u00e0 angers.  \u00a9  extinction r\u00e9bellion angers\" width=\"640\" title=\" Des militants\u00a0d\u2019Extinction Rebellion ont retir\u00e9 400\u00a0pubs \u00e0 Angers.   Extinction R\u00e9bellion Angers \"\/><\/p>\n<p class=\"elmt-legende\"> Des militants\u00a0d\u2019Extinction Rebellion ont retir\u00e9 400\u00a0pubs \u00e0 Angers.   Extinction R\u00e9bellion Angers <\/p>\n<p>Ils d\u00e9noncent l\u2019incitation \u00e0 la surconsommation<\/p>\n<p>L\u2019action <strong>\u00ab\u00a0a pour objectif de d\u00e9noncer l\u2019incitation \u00e0 la surconsommation avec toutes les pubs pr\u00e9sentes en ville et en particulier durant cette p\u00e9riode du Black Friday (ou November)\u00a0\u00bb<\/strong>, pr\u00e9cise\u00a0Extinction Rebellion.<\/p>\n<p>Les militants voulaient aussi apporter leur soutien \u00e0 leurs membres<strong> \u00ab <\/strong>  <strong>qui sont convoqu\u00e9s au tribunal judiciaire d\u2019Angers le 15\u00a0janvier 2026, \u00e0 13\u00a0h\u00a045, suite \u00e0 une plainte de JC Decaux, pour avoir retir\u00e9 des pubs en centre-ville l\u2019an dernier \u00e0 la m\u00eame \u00e9poque.\u00a0\u00bb<\/strong> <\/p>\n<p>\u00a0<\/p>\n","protected":false},"excerpt":{"rendered":"Un an (presque) jour pour jour apr\u00e8s leur \u00ab\u00a0Nuit blanche &#8211; Angers sans publicit\u00e9\u00a0\u00bb, les militants d\u2019Extinction Rebellion&hellip;\n","protected":false},"author":2,"featured_media":552352,"comment_status":"","ping_status":"","sticky":false,"template":"","format":"standard","meta":{"footnotes":""},"categories":[9619],"tags":[10851,1111,11,1438,5796,1777,674,1011,27,12,293,55939,882,41252,25,2310],"class_list":{"0":"post-552351","1":"post","2":"type-post","3":"status-publish","4":"format-standard","5":"has-post-thumbnail","7":"category-toulon","8":"tag-10851","9":"tag-actu","10":"tag-actualites","11":"tag-angers","12":"tag-disparu","13":"tag-eu","14":"tag-europe","15":"tag-fr","16":"tag-france","17":"tag-news","18":"tag-nuit","19":"tag-ont-elles","20":"tag-provence-alpes-cote-dazur","21":"tag-publicites","22":"tag-republique-francaise","23":"tag-toulon"},"share_on_mastodon":{"url":"https:\/\/pubeurope.com\/@fr\/115596210250500816","error":""},"_links":{"self":[{"href":"https:\/\/www.europesays.com\/fr\/wp-json\/wp\/v2\/posts\/552351","targetHints":{"allow":["GET"]}}],"collection":[{"href":"https:\/\/www.europesays.com\/fr\/wp-json\/wp\/v2\/posts"}],"about":[{"href":"https:\/\/www.europesays.com\/fr\/wp-json\/wp\/v2\/types\/post"}],"author":[{"embeddable":true,"href":"https:\/\/www.europesays.com\/fr\/wp-json\/wp\/v2\/users\/2"}],"replies":[{"embeddable":true,"href":"https:\/\/www.europesays.com\/fr\/wp-json\/wp\/v2\/comments?post=552351"}],"version-history":[{"count":0,"href":"https:\/\/www.europesays.com\/fr\/wp-json\/wp\/v2\/posts\/552351\/revisions"}],"wp:featuredmedia":[{"embeddable":true,"href":"https:\/\/www.europesays.com\/fr\/wp-json\/wp\/v2\/media\/552352"}],"wp:attachment":[{"href":"https:\/\/www.europesays.com\/fr\/wp-json\/wp\/v2\/media?parent=552351"}],"wp:term":[{"taxonomy":"category","embeddable":true,"href":"https:\/\/www.europesays.com\/fr\/wp-json\/wp\/v2\/categories?post=552351"},{"taxonomy":"post_tag","embeddable":true,"href":"https:\/\/www.europesays.com\/fr\/wp-json\/wp\/v2\/tags?post=552351"}],"curies":[{"name":"wp","href":"https:\/\/api.w.org\/{rel}","templated":true}]}}