{"id":552357,"date":"2025-11-23T00:40:34","date_gmt":"2025-11-23T00:40:34","guid":{"rendered":"https:\/\/www.europesays.com\/fr\/552357\/"},"modified":"2025-11-23T00:40:34","modified_gmt":"2025-11-23T00:40:34","slug":"de-bordeaux-a-rouen-karim-laghouag-et-dream-de-vieve-gardent-le-bon-rythme","status":"publish","type":"post","link":"https:\/\/www.europesays.com\/fr\/552357\/","title":{"rendered":"De Bordeaux \u00e0 Rouen, Karim Laghouag et Dream de Vi\u00e8ve gardent le (bon) rythme"},"content":{"rendered":"<p class=\"alith_post_except\">Karim Laghouag et Dream de Vi\u00e8ve ont remport\u00e9 le cross indoor Devoucoux d\u2019\u00c9qui Seine, ce soir au Parc des expositions de Rouen. D\u00e9j\u00e0 vainqueurs en f\u00e9vrier \u00e0 Bordeaux, le Percheron et son Selle Fran\u00e7ais de douze ans ont devanc\u00e9 d\u2019une demi-seconde H\u00e9lo\u00efse Le Guern, deuxi\u00e8me sur Canakine du Sudre, et de trois secondes Regis Prud\u2019hon, troisi\u00e8me avec Kaiser HDB.<\/p>\n<p id=\"isPasted\">Pendant un bon moment, on s\u2019est demand\u00e9 si le sc\u00e9nario de l\u2019\u00e9dition 2025 du cross indoor Devoucoux d\u2019\u00c9qui Seine n\u2019allait pas \u00eatre un copier-coller de celui du cru 2024. L\u2019an pass\u00e9, Salom\u00e9 Poisson, premi\u00e8re \u00e0 s\u2019\u00e9lancer avec Upsa des Ajoncs, s\u2019\u00e9tait finalement impos\u00e9e, de fa\u00e7on tout \u00e0 fait m\u00e9rit\u00e9e, mais un peu \u00e0 la surprise g\u00e9n\u00e9rale. Ce soir, dans un Parc des expositions archi-comble, dont le toit a prot\u00e9g\u00e9 le public d\u2019une m\u00e9t\u00e9o dantesque, o\u00f9 gr\u00eale et neige se sont disput\u00e9 la vedette, H\u00e9lo\u00efse Le Guern a sign\u00e9 un excellent parcours d\u2019ouverture avec son exp\u00e9riment\u00e9e Canakine du Sudre (Z, Felton du Mont x Duc du M\u00fbrier). Et son rapide sans-faute lui a permis d\u2019esp\u00e9rer longtemps d\u00e9crocher la victoire.<\/p>\n<p>Pour autant, dans un cross indoor, les jeux ne sont jamais faits tant que Karim Laghouag n\u2019a pas franchi la ligne d\u2019arriv\u00e9e. Ant\u00e9p\u00e9nulti\u00e8me \u00e0 s\u2019\u00e9lancer avec Dream de Vi\u00e8ve (SF, Calisco du Pitray x Cafe au Lait), le Percheron a entam\u00e9 la saison int\u00e9rieure 2025-26 comme il avait achev\u00e9 la pr\u00e9c\u00e9dente, il y a neuf mois et demi \u00e0 Bordeaux: par une victoire, battant d\u2019une demi-seconde le chrono de la Bretonne \u00e9tablie dans le Maine-et-Loire. Une victoire qui a ravi le triple m\u00e9daill\u00e9 olympique, toujours ravi de faire montre de son sens de la vitesse et du trac\u00e9. \u201cDream de Vi\u00e8ve est davantage conform\u00e9 pour les grands espaces que les carri\u00e8res restreintes des concours\u00a0indoor. J\u2019ai r\u00e9ussi \u00e0 trouver un bon rythme et nous tournons mieux qu\u2019en d\u00e9but d\u2019ann\u00e9e, m\u00eame s\u2019il nous reste des progr\u00e8s \u00e0 faire pour gagner en fluidit\u00e9\u201d, analyse Karim, vainqueur avec Dream de Vi\u00e8ve d\u2019un CCI 4*-S il y a tout juste un mois \u00e0 Kronenberg.<\/p>\n<p>Parti en milieu d\u2019\u00e9preuve, Regis Prud\u2019hon a fini troisi\u00e8me avec Kaiser HDB (Quatar de Plap\u00e9 x F\u00e9ticheur), Anglo-Arabe espagnol de dix-sept ans. Le couple a pris part au cross indoor de Stuttgart il y a dix jours en Allemagne et il est engag\u00e9 au CIX de Stockholm, o\u00f9 il devra sauter une premi\u00e8re \u00e9preuve d\u00e8s jeudi prochain. Ces trois paires ont \u00e9t\u00e9 les seules \u00e0 rentrer dans le temps imparti. Cinq autres ont boucl\u00e9 cette \u00e9preuve spectaculaire et n\u00e9anmoins technique sans faute aux obstacles: Jeanne Rossez, quatri\u00e8me sur Turbo de La Croix (SF, Mylord Carthago x Vicomte Manciais), S\u00e9bastien Cavaillon, cinqui\u00e8me avec Hashtag de la Vigne (SF, Nervoso x Duc du Hutrel), fr\u00e8re ut\u00e9rin de son crack Elipso de la Vigne, Clara Cazeneuve, sixi\u00e8me sur Harmany du Landran (SF, Andiamo Semilly x Quito de Baussy), Lucas Brun, septi\u00e8me avec Happy de Brion (SF, Quartz de Brion x Le Balafre), et le tout jeune Faustin Fourreau, huiti\u00e8me avec Danaos de G\u00e9c\u00e9 (SF, Naga\u00efka de Silly x Open Up Semilly).<\/p>\n<p>Apr\u00e8s le CIX de Stockholm, o\u00f9 se rendra \u00e9galement Lucas Brun, on retrouvera les compl\u00e9tistes le 12 d\u00e9cembre au CHI de Gen\u00e8ve, o\u00f9 Karim Laghouag entend relancer l\u2019olympique Triton Fontaine, puis le 13 d\u00e9cembre au Salon du cheval de Paris, o\u00f9 se pr\u00e9pare une tr\u00e8s belle Nuit du Complet.<\/p>\n<p><strong><a href=\"https:\/\/online.equipe.com\/startlists\/1180388\" rel=\"nofollow noopener\" target=\"_blank\">Les r\u00e9sultats<\/a><\/strong><\/p>\n<p><strong><a href=\"https:\/\/grandprix.tv\/fr\/live\/31166\/1\/EQUI-SEINE-CSI4-NOVEMBRE-2025\" rel=\"nofollow noopener\" target=\"_blank\">Toutes les \u00e9preuves d\u2019\u00c9qui Seine sont retransmises en direct sur GRANDPRIX.tv<\/a><\/strong><\/p>\n<p>                                &#13;<\/p>\n<p>                                                        Retrouvez<\/p>\n<p>                                                        KARIM LAGHOUAG <\/p>\n<p>                                                        en vid\u00e9os sur<\/p>\n<p>                                                        <img decoding=\"async\" src=\"https:\/\/www.europesays.com\/fr\/wp-content\/uploads\/2025\/05\/logo.png\" alt=\"logo grandprix.tv\" class=\"dklr-gpe-gpetv-logo\"\/><\/p>\n<p>                                                    <img decoding=\"async\" src=\"https:\/\/www.europesays.com\/fr\/wp-content\/uploads\/2025\/11\/1763858418_702_miniature.jpg\" alt=\"Image Julien \u00c9paillard et Donatello d'Auge\" class=\"dkr-gpe-img\"\/><\/p>\n<p>                                                        Retrouvez<\/p>\n<p>                                                        DREAM DE VIEVE<\/p>\n<p>                                                        en vid\u00e9os sur<\/p>\n<p>                                                        <img decoding=\"async\" src=\"https:\/\/www.europesays.com\/fr\/wp-content\/uploads\/2025\/05\/logo.png\" alt=\"logo grandprix.tv\" class=\"dklr-gpe-gpetv-logo\"\/><\/p>\n<p>                                                    <img decoding=\"async\" src=\"https:\/\/content.grandprix.tv\/gptv\/event\/29253\/class\/168412\/3456376\/miniature.jpg\" alt=\"Image Julien \u00c9paillard et Donatello d'Auge\" class=\"dkr-gpe-img\"\/><\/p>\n<p>                                    &#13;<br \/>\n&#13;<\/p>\n","protected":false},"excerpt":{"rendered":"Karim Laghouag et Dream de Vi\u00e8ve ont remport\u00e9 le cross indoor Devoucoux d\u2019\u00c9qui Seine, ce soir au Parc&hellip;\n","protected":false},"author":2,"featured_media":552358,"comment_status":"","ping_status":"","sticky":false,"template":"","format":"standard","meta":{"footnotes":""},"categories":[9587],"tags":[1111,11,1777,674,1011,27,12,5161,25,9590],"class_list":{"0":"post-552357","1":"post","2":"type-post","3":"status-publish","4":"format-standard","5":"has-post-thumbnail","7":"category-rouen","8":"tag-actu","9":"tag-actualites","10":"tag-eu","11":"tag-europe","12":"tag-fr","13":"tag-france","14":"tag-news","15":"tag-normandie","16":"tag-republique-francaise","17":"tag-rouen"},"share_on_mastodon":{"url":"https:\/\/pubeurope.com\/@fr\/115596233218876866","error":""},"_links":{"self":[{"href":"https:\/\/www.europesays.com\/fr\/wp-json\/wp\/v2\/posts\/552357","targetHints":{"allow":["GET"]}}],"collection":[{"href":"https:\/\/www.europesays.com\/fr\/wp-json\/wp\/v2\/posts"}],"about":[{"href":"https:\/\/www.europesays.com\/fr\/wp-json\/wp\/v2\/types\/post"}],"author":[{"embeddable":true,"href":"https:\/\/www.europesays.com\/fr\/wp-json\/wp\/v2\/users\/2"}],"replies":[{"embeddable":true,"href":"https:\/\/www.europesays.com\/fr\/wp-json\/wp\/v2\/comments?post=552357"}],"version-history":[{"count":0,"href":"https:\/\/www.europesays.com\/fr\/wp-json\/wp\/v2\/posts\/552357\/revisions"}],"wp:featuredmedia":[{"embeddable":true,"href":"https:\/\/www.europesays.com\/fr\/wp-json\/wp\/v2\/media\/552358"}],"wp:attachment":[{"href":"https:\/\/www.europesays.com\/fr\/wp-json\/wp\/v2\/media?parent=552357"}],"wp:term":[{"taxonomy":"category","embeddable":true,"href":"https:\/\/www.europesays.com\/fr\/wp-json\/wp\/v2\/categories?post=552357"},{"taxonomy":"post_tag","embeddable":true,"href":"https:\/\/www.europesays.com\/fr\/wp-json\/wp\/v2\/tags?post=552357"}],"curies":[{"name":"wp","href":"https:\/\/api.w.org\/{rel}","templated":true}]}}