{"id":552361,"date":"2025-11-23T00:43:20","date_gmt":"2025-11-23T00:43:20","guid":{"rendered":"https:\/\/www.europesays.com\/fr\/552361\/"},"modified":"2025-11-23T00:43:20","modified_gmt":"2025-11-23T00:43:20","slug":"pourquoi-il-serait-vraiment-dommage-de-passer-a-cote-de-social-change-2025","status":"publish","type":"post","link":"https:\/\/www.europesays.com\/fr\/552361\/","title":{"rendered":"Pourquoi il serait (vraiment) dommage de passer \u00e0 c\u00f4t\u00e9 de Social Change 2025"},"content":{"rendered":"<p>Dans un monde o\u00f9 tout s\u2019acc\u00e9l\u00e8re, l\u2019\u00e9v\u00e9nement Social Change 2025, organis\u00e9 par API News, le m\u00e9dia \u00e9conomique de Ouest-France, remet de l\u2019ordre dans le chaos et trace la route. Une journ\u00e9e pour comprendre ce qui se joue vraiment en mati\u00e8re de Responsabilit\u00e9 soci\u00e9tale des entreprises (RSE), \u00e9couter ceux qui ont d\u00e9j\u00e0 bascul\u00e9\u2026 et repartir avec des solutions qui changent la donne. Clair, concret, percutant\u00a0: l\u2019\u00e9v\u00e9nement o\u00f9 la transition cesse d\u2019\u00eatre un slogan et devient une strat\u00e9gie. Voici sept raisons d\u2019y aller :<\/p>\n<p><strong>1. Revoir la r\u00e9alit\u00e9 en face\u2026 mais avec des solutions \u00e0 port\u00e9e de main<\/strong><\/p>\n<p>On commence fort\u00a0: Jean-Marc Jancovici en ouverture, pour clarifier le paysage. Il remet les curseurs au bon endroit\u00a0: \u00e9nergie, climat, r\u00e9silience, comp\u00e9titivit\u00e9\u2026 tout ce qui conditionne le futur des entreprises. Une mise au point n\u00e9cessaire pour naviguer dans la temp\u00eate, avec un objectif simple\u00a0: savoir o\u00f9 l\u2019on met les pieds avant de d\u00e9cider o\u00f9 avancer.<\/p>\n<p><strong>2. D\u00e9couvrir ce qui rend une entreprise vraiment robuste<\/strong><\/p>\n<p>On entend tout et son contraire sur la r\u00e9silience. Ici, on sort de la th\u00e9orie. Entre Groix &amp; Nature, le mod\u00e8le Goodwill ou les projets men\u00e9s chez EDF, cette table ronde explore ce que signifie r\u00e9ellement \u201ctenir le choc\u201d\u00a0: relocaliser, coop\u00e9rer, ma\u00eetriser ses risques, r\u00e9inventer sa cha\u00eene de valeur. Ni poudre aux yeux, ni slogans\u00a0: seulement des dirigeants qui expliquent ce qu\u2019ils ont chang\u00e9, pourquoi, comment\u2026 et ce que \u00e7a leur a rapport\u00e9.<\/p>\n<p><strong>3. Comprendre ce que la m\u00e9t\u00e9o dit d\u00e9j\u00e0 de notre avenir \u00e9conomique<\/strong><\/p>\n<p>Quand le climat devient impr\u00e9visible, c\u2019est toute l\u2019organisation qui vacille. Louis Bodin vient montrer comment les ph\u00e9nom\u00e8nes extr\u00eames bouleversent d\u00e9j\u00e0 les bilans, les stocks, les transports, l\u2019\u00e9nergie, et m\u00eame l\u2019Histoire\u00a0! L\u00e0 encore, pas de fatalisme\u00a0: des outils, des signaux faibles, et des strat\u00e9gies pour \u00e9viter les mauvaises surprises. Une s\u00e9quence qui relie m\u00e9t\u00e9o et business comme vous ne l\u2019avez jamais entendu.<\/p>\n<p><strong>4. Respirer, rire\u2026 et regarder la RSE autrement<\/strong><\/p>\n<p>Juste avant le d\u00e9jeuner, un moment d\u00e9cal\u00e9\u00a0: Fr\u00e9d\u00e9ric Fromet. Un patchwork de chansons qui grattent l\u00e0 o\u00f9 \u00e7a fait mal. Climat, bullshit corporate, contradictions, bonne conscience mal plac\u00e9e\u2026 tout y passe. C\u2019est dr\u00f4le, piquant, et surtout salutaire\u00a0: parfois, pour avancer, il faut se regarder avec un peu de distance.<\/p>\n<p><strong>5. Faire le plein de cas d\u2019\u00e9cole et d\u2019outils concrets<\/strong><\/p>\n<p>La force de Social Change, c\u2019est cette alternance entre inspiration et action. De la mutualisation des travaux \u00e9nerg\u00e9tiques aux projets men\u00e9s par l\u2019Adie, du barom\u00e8tre RSE breton aux retours d\u2019exp\u00e9rience d\u2019entreprises engag\u00e9es (LCL, Technature, IDEA\u2026), vous repartirez avec des m\u00e9thodes, des contacts, des id\u00e9es duplicables et des preuves que la transformation fonctionne\u2026 quand elle est pens\u00e9e s\u00e9rieusement. Et puis vous apprendrez aussi comment planter son bilan carbone\u00a0: instructif si on ne veut pas avancer.<\/p>\n<p><strong>6. Entendre des leaders qui ont d\u00e9cid\u00e9 de \u00abfaire un pas de c\u00f4t\u00e9\u00bb<\/strong><\/p>\n<p>Le navigateur Armel Tripon racontera comment on peut concilier performance et sobri\u00e9t\u00e9 en course au large. Le groupe Orange expliquera pourquoi personne ne peut r\u00e9ussir la transition seul. Et \u00e0 chaque fois, la m\u00eame constante\u00a0: des personnes qui ont choisi d\u2019agir, malgr\u00e9 les contraintes, et qui montrent que la responsabilit\u00e9 n\u2019est plus un suppl\u00e9ment d\u2019\u00e2me mais un levier de comp\u00e9titivit\u00e9, et de comp\u00e9tition.<\/p>\n<p><strong>7. Se connecter \u00e0 un \u00e9cosyst\u00e8me qui avance<\/strong><\/p>\n<p>Entre les stands partenaires, les m\u00e9dias pr\u00e9sents, le dessinateur Beno\u00eet Vieillard qui croque les moments phares et les nombreuses pauses pr\u00e9vues pour discuter entre d\u00e9cideurs, Social Change n\u2019est pas seulement un \u00e9v\u00e9nement\u00a0: c\u2019est un acc\u00e9l\u00e9rateur. C\u2019est ici que naissent les id\u00e9es communes, les projets transverses, les coop\u00e9rations qui rendent la transition finalement\u2026 possible.<\/p>\n<p>_<strong> Social change 2025,<\/strong> dixi\u00e8me \u00e9dition, mardi 2\u00a0d\u00e9cembre au Couvent des jacobins, \u00e0 Rennes. Inscriptions avec 50\u00a0% de r\u00e9duction en utilisant le code \u00ab\u00a0SC2025FIFTY\u00a0\u00bb sur la page <a href=\"https:\/\/socialchange.ouest-france.fr\/inscriptions\" target=\"_self\" rel=\"noopener\">https:\/\/socialchange.ouest-france.fr\/inscriptions<\/a><\/p>\n<p>\u00a0<\/p>\n","protected":false},"excerpt":{"rendered":"Dans un monde o\u00f9 tout s\u2019acc\u00e9l\u00e8re, l\u2019\u00e9v\u00e9nement Social Change 2025, organis\u00e9 par API News, le m\u00e9dia \u00e9conomique de&hellip;\n","protected":false},"author":2,"featured_media":552362,"comment_status":"","ping_status":"","sticky":false,"template":"","format":"standard","meta":{"footnotes":""},"categories":[2821],"tags":[17,1111,11,829,6861,3136,66962,1777,674,1011,27,12,4615,584,25,801,19657],"class_list":{"0":"post-552361","1":"post","2":"type-post","3":"status-publish","4":"format-standard","5":"has-post-thumbnail","7":"category-rennes","8":"tag-17","9":"tag-actu","10":"tag-actualites","11":"tag-bretagne","12":"tag-change","13":"tag-cote","14":"tag-dommage","15":"tag-eu","16":"tag-europe","17":"tag-fr","18":"tag-france","19":"tag-news","20":"tag-passer","21":"tag-rennes","22":"tag-republique-francaise","23":"tag-social","24":"tag-vraiment"},"share_on_mastodon":{"url":"https:\/\/pubeurope.com\/@fr\/115596244252426833","error":""},"_links":{"self":[{"href":"https:\/\/www.europesays.com\/fr\/wp-json\/wp\/v2\/posts\/552361","targetHints":{"allow":["GET"]}}],"collection":[{"href":"https:\/\/www.europesays.com\/fr\/wp-json\/wp\/v2\/posts"}],"about":[{"href":"https:\/\/www.europesays.com\/fr\/wp-json\/wp\/v2\/types\/post"}],"author":[{"embeddable":true,"href":"https:\/\/www.europesays.com\/fr\/wp-json\/wp\/v2\/users\/2"}],"replies":[{"embeddable":true,"href":"https:\/\/www.europesays.com\/fr\/wp-json\/wp\/v2\/comments?post=552361"}],"version-history":[{"count":0,"href":"https:\/\/www.europesays.com\/fr\/wp-json\/wp\/v2\/posts\/552361\/revisions"}],"wp:featuredmedia":[{"embeddable":true,"href":"https:\/\/www.europesays.com\/fr\/wp-json\/wp\/v2\/media\/552362"}],"wp:attachment":[{"href":"https:\/\/www.europesays.com\/fr\/wp-json\/wp\/v2\/media?parent=552361"}],"wp:term":[{"taxonomy":"category","embeddable":true,"href":"https:\/\/www.europesays.com\/fr\/wp-json\/wp\/v2\/categories?post=552361"},{"taxonomy":"post_tag","embeddable":true,"href":"https:\/\/www.europesays.com\/fr\/wp-json\/wp\/v2\/tags?post=552361"}],"curies":[{"name":"wp","href":"https:\/\/api.w.org\/{rel}","templated":true}]}}