{"id":552371,"date":"2025-11-23T00:49:54","date_gmt":"2025-11-23T00:49:54","guid":{"rendered":"https:\/\/www.europesays.com\/fr\/552371\/"},"modified":"2025-11-23T00:49:54","modified_gmt":"2025-11-23T00:49:54","slug":"titulaire-a-la-place-de-rulli-de-lange-a-eu-les-mains-sures","status":"publish","type":"post","link":"https:\/\/www.europesays.com\/fr\/552371\/","title":{"rendered":"titulaire \u00e0 la place de Rulli, De Lange a eu les mains s\u00fbres"},"content":{"rendered":"<p>Sans doute ont-ils pass\u00e9 un pacte. D&rsquo;un c\u00f4t\u00e9 Roberto De Zerbi, soucieux de concerner chaque membre de sa troupe, de r\u00e9compenser ses irr\u00e9prochables hommes de l&rsquo;ombre. <a href=\"https:\/\/www.laprovence.com\/article\/om\/5253893543431214\/om-jeffrey-de-lange-leloge-de-la-patience\" target=\"_blank\" rel=\"noopener\">De l&rsquo;autre Jeffrey De Lange, enr\u00f4l\u00e9 \u00e0 l&rsquo;\u00e9t\u00e9\u00a02024 avec l&rsquo;\u00e9tiquette de num\u00e9ro\u00a01 bis,<\/a> mais nourri avec des miettes au pied de la Bonne M\u00e8re. Frustr\u00e9 par son temps de jeu la saison pass\u00e9e (2 apparitions en coupe de France), m\u00eame s&rsquo;il n&rsquo;a jamais mouft\u00e9, le gardien n\u00e9erlandais esp\u00e9rait profiter d&rsquo;un calendrier surcharg\u00e9, pour enfin montrer de quel bois il se chauffait. Le natif d&rsquo;Amstelveen a \u00e9t\u00e9 entendu. Chaque rentr\u00e9e lui est r\u00e9serv\u00e9e.<\/p>\n<p>Apr\u00e8s Lorient (4-0), point final de la tr\u00eave de septembre, apr\u00e8s la r\u00e9ception du\u00a0Havre (6-2), cons\u00e9cutive \u00e0 celle d&rsquo;octobre, place \u00e0 Nice, vendredi soir. Au moins, une demi-surprise. Avant, l&rsquo;ex-rempart du Go Ahead Eagles avait joui du retour tardif de son sup\u00e9rieur hi\u00e9rarchique, <a href=\"https:\/\/www.laprovence.com\/article\/om\/6168189292015314\/om-pourquoi-geronimo-rulli-a-deja-sa-place-parmi-les-plus-grands-gardiens-olympiens\" target=\"_blank\" rel=\"noopener\">Geronimo Rulli, convoqu\u00e9 par l&rsquo;Albiceleste de l&rsquo;autre c\u00f4t\u00e9 de l&rsquo;Atlantique.<\/a> Cette fois, \u00ab\u00a0Gero\u00a0\u00bb a renou\u00e9 avec La Commanderie en d\u00e9but de semaine. Mais pas de quoi priver De Lange d&rsquo;une nouvelle danse sous la tunique immacul\u00e9e, mauve pour lui.<\/p>\n<p>Rulli s&rsquo;est quand m\u00eame distingu\u00e9<\/p>\n<p>Sa cinqui\u00e8me apparition, donc, incontestablem&#8230;<\/p>\n","protected":false},"excerpt":{"rendered":"Sans doute ont-ils pass\u00e9 un pacte. D&rsquo;un c\u00f4t\u00e9 Roberto De Zerbi, soucieux de concerner chaque membre de sa&hellip;\n","protected":false},"author":2,"featured_media":552372,"comment_status":"","ping_status":"","sticky":false,"template":"","format":"standard","meta":{"footnotes":""},"categories":[2819],"tags":[17,1111,11,1777,674,1011,27,41677,151,64866,12,2401,65073,149,5536,882,25,18142,31438],"class_list":{"0":"post-552371","1":"post","2":"type-post","3":"status-publish","4":"format-standard","5":"has-post-thumbnail","7":"category-nice","8":"tag-17","9":"tag-actu","10":"tag-actualites","11":"tag-eu","12":"tag-europe","13":"tag-fr","14":"tag-france","15":"tag-lange","16":"tag-les","17":"tag-mains","18":"tag-news","19":"tag-nice","20":"tag-nice-om","21":"tag-om","22":"tag-place","23":"tag-provence-alpes-cote-dazur","24":"tag-republique-francaise","25":"tag-rulli","26":"tag-titulaire"},"share_on_mastodon":{"url":"https:\/\/pubeurope.com\/@fr\/115596271439744881","error":""},"_links":{"self":[{"href":"https:\/\/www.europesays.com\/fr\/wp-json\/wp\/v2\/posts\/552371","targetHints":{"allow":["GET"]}}],"collection":[{"href":"https:\/\/www.europesays.com\/fr\/wp-json\/wp\/v2\/posts"}],"about":[{"href":"https:\/\/www.europesays.com\/fr\/wp-json\/wp\/v2\/types\/post"}],"author":[{"embeddable":true,"href":"https:\/\/www.europesays.com\/fr\/wp-json\/wp\/v2\/users\/2"}],"replies":[{"embeddable":true,"href":"https:\/\/www.europesays.com\/fr\/wp-json\/wp\/v2\/comments?post=552371"}],"version-history":[{"count":0,"href":"https:\/\/www.europesays.com\/fr\/wp-json\/wp\/v2\/posts\/552371\/revisions"}],"wp:featuredmedia":[{"embeddable":true,"href":"https:\/\/www.europesays.com\/fr\/wp-json\/wp\/v2\/media\/552372"}],"wp:attachment":[{"href":"https:\/\/www.europesays.com\/fr\/wp-json\/wp\/v2\/media?parent=552371"}],"wp:term":[{"taxonomy":"category","embeddable":true,"href":"https:\/\/www.europesays.com\/fr\/wp-json\/wp\/v2\/categories?post=552371"},{"taxonomy":"post_tag","embeddable":true,"href":"https:\/\/www.europesays.com\/fr\/wp-json\/wp\/v2\/tags?post=552371"}],"curies":[{"name":"wp","href":"https:\/\/api.w.org\/{rel}","templated":true}]}}