{"id":552374,"date":"2025-11-23T00:52:44","date_gmt":"2025-11-23T00:52:44","guid":{"rendered":"https:\/\/www.europesays.com\/fr\/552374\/"},"modified":"2025-11-23T00:52:44","modified_gmt":"2025-11-23T00:52:44","slug":"a-nantes-ils-disent-non-au-trafic-de-drogue","status":"publish","type":"post","link":"https:\/\/www.europesays.com\/fr\/552374\/","title":{"rendered":"\u00e0 Nantes, ils disent non au trafic de drogue"},"content":{"rendered":"<p>                    Par<br \/>\n        <strong><br \/>\n            <a href=\"https:\/\/actu.fr\/auteur\/thomas-bernard\" title=\"Consulter tous les articles de Thomas Bernard\" target=\"_blank\" rel=\"noopener\">Thomas Bernard<\/a><br \/>\n                    <\/strong><\/p>\n<p>        Publi\u00e9 le<\/p>\n<p>            22 nov. 2025 \u00e0 18h51        <\/p>\n<p>Le 13\u00a0novembre dernier, Mehdi Kessaci a \u00e9t\u00e9 assassin\u00e9 alors qu\u2019il \u00e9tait dans sa voiture. Le Marseillais de 20\u00a0ans a \u00e9t\u00e9 <b>tu\u00e9 car il \u00e9tait le fr\u00e8re d\u2019Amine Kessaci<\/b>, militant \u00e9cologiste engag\u00e9 dans la lutte contre le narcobanditisme. Un drame qui a mis en exergue la puissance et la violence des trafiquants de drogue en France.<\/p>\n<p class=\" wall-content\">Ce samedi 22\u00a0novembre, plus de <a href=\"https:\/\/actu.fr\/pays-de-la-loire\/nantes_44109\/meurtre-de-mehdi-kessaci-plus-de-350-personnes-rassemblees-a-nantes_63474837.html\" target=\"_blank\" rel=\"noopener\">350\u00a0personnes ont particip\u00e9 au rassemblement organis\u00e9 \u00e0 Nantes<\/a>. \u00ab\u2009Pour ne pas oublier Mehdi Kessaci\u2009\u00bb, pouvait-on lire sur un bouquet de fleurs, pos\u00e9 au pied du monument des 50 Otages, lieu de rendez-vous du rassemblement.<\/p>\n<p class=\" wall-content\">Pendant cette manifestation, les Nantais se sont livr\u00e9s sur le drame et ont appel\u00e9 \u00e0 \u00ab\u2009une prise de conscience\u2009\u00bb de la soci\u00e9t\u00e9.<\/p>\n<p>Un combat de soci\u00e9t\u00e9<\/p>\n<p class=\" wall-content\">\u00ab\u2009Le drame a eu lieu \u00e0 Marseille, mais nous avons connu des drames similaires dans notre ville\u2009\u00bb, confie une Nantaise qui a pr\u00e9f\u00e9r\u00e9 rester anonyme. \u00c0 l\u2019instar de plusieurs m\u00e9tropoles fran\u00e7aises, la cit\u00e9 des ducs de Bretagne <a href=\"https:\/\/actu.fr\/pays-de-la-loire\/nantes_44109\/je-prenais-1000-euros-la-semaine-l-ex-gerant-raconte-la-vie-d-un-point-de-deal_59840670.html\" target=\"_blank\" rel=\"noopener\">est touch\u00e9e par le narcotrafic<\/a>.<\/p>\n<p class=\" wall-content\">\u00ab\u2009Le sujet de la drogue doit \u00eatre saisi par la soci\u00e9t\u00e9. Cette th\u00e9matique devrait \u00eatre transpartisane, <b>chaque bord politique devrait \u00e9viter d\u2019en faire une r\u00e9cup\u00e9ration politique<\/b>. L\u2019enjeu est trop important\u2009\u00bb, explique Michel.<\/p>\n<p>    <img   decoding=\"async\" loading=\"lazy\" class=\"size-large\" src=\"https:\/\/www.europesays.com\/fr\/wp-content\/uploads\/2025\/11\/daf9e125f1296cef9e125f129920aev-960x640.jpeg\" alt=\"Un bouquet de fleur a \u00e9t\u00e9 d\u00e9pos\u00e9 au pied du monument des 50 Otages \u00e0 Nantes.\" width=\"960\" height=\"640\"\/><br \/>\n    Un bouquet de fleurs a \u00e9t\u00e9 d\u00e9pos\u00e9 au pied du monument des 50 Otages \u00e0 Nantes. \u00a9Thomas Bernard \/ actu Nantes<\/p>\n<p class=\" wall-content\">Dans les rangs de l\u2019assembl\u00e9e nantaise, on partage la n\u00e9cessite de \u00ab\u2009mener le combat\u2009\u00bb contre le trafic. \u00ab\u2009Derri\u00e8re le trafic il y a le blanchiment ou la corruption, <b>cela impacte l\u2019ensemble de la soci\u00e9t\u00e9\u2009\u00bb<\/b>, alerte Patrick, 76\u00a0ans.<\/p>\n<p>Votre r\u00e9gion, votre actu !<\/p>\n<p>Recevez chaque jour les infos qui comptent pour vous.<\/p>\n<p>\t<a href=\"https:\/\/actu.fr\/newsletter\" class=\"ac-btn ac-btn--corner ac-btn--medium ac-btn--blue800\" target=\"_blank\" rel=\"noopener\">S&rsquo;incrire<\/a><\/p>\n<p class=\" wall-content\">Si certaines personnes veulent accentuer la pr\u00e9vention et la sensibilisation avant des drames comme celui du 13\u00a0novembre 2025, d\u2019autres pointent du doigt les consommateurs des substances illicites. \u00ab\u2009S\u2019il n\u2019y\u00a0a pas de consommateurs, il n\u2019y a pas de march\u00e9\u2009\u00bb, affirme Nelly.<\/p>\n<p>\u00ab\u2009Entrez en r\u00e9sistance\u2009\u00bb<\/p>\n<p class=\" wall-content\">Le sujet est complexe. Peu convaincus par les solutions apport\u00e9es par les pouvoirs politiques depuis des ann\u00e9es, des manifestants sont persuad\u00e9s que la r\u00e9ponse peut venir de la soci\u00e9t\u00e9. \u00ab\u2009On pourrait envisager une convention citoyenne\u2009\u00bb, glisse une Nantaise.<\/p>\n<p class=\" wall-content\">\u00ab\u2009Avec ce drame, il faut une vraie prise de conscience. Ce fl\u00e9au est l\u2019affaire de tous. <b>Il n\u2019y a pas de totem d\u2019immunit\u00e9, toutes les cat\u00e9gories sociales sont concern\u00e9es<\/b>. La solution ne doit pas que venir de la puissance de l\u2019\u00c9tat. Il faut aussi le soutien du milieu associatif, l\u2019\u00e9cole et la justice\u2009\u00bb, lance Davis, engag\u00e9 dans le milieu associatif depuis une vingtaine d\u2019ann\u00e9es.<\/p>\n<p class=\" wall-content\">Pour les personnes rencontr\u00e9es, le d\u00e9bat soci\u00e9tal \u00ab\u2009ne doit pas rester sans lendemain\u2009\u00bb apr\u00e8s le meurtre de Mehdi Kessaci. Un combat sur le long terme qui doit s\u2019accompagner d\u2019investissements \u00e0 l\u2019heure des coupes budg\u00e9taires.<\/p>\n<p class=\" wall-content\">\u00ab\u2009Il faut donner des moyens aux associations, \u00e0 la justice et aux enqu\u00eateurs\u2009\u00bb, ajoute Davis.<\/p>\n<p class=\" wall-content\">\u00c0 la fin du rassemblement, un message audio d\u2019Amine Kessaci a \u00e9t\u00e9 diffus\u00e9 devant le monument des 50 Otages.<b> \u00ab\u2009Le pays se r\u00e9veille avec un monstre qui s\u2019infiltre de partout\u2009\u00bb<\/b>, regrette Amine Kessaci.<\/p>\n<p class=\" wall-content\">Le militant a exhort\u00e9 les manifestants \u00e0 se joindre au combat contre le narcotrafic. \u00ab\u2009Entrez en r\u00e9sistance, luttez. Lutter, c\u2019est vivre.\u2009\u00bb<\/p>\n<p class=\" wall-content\">Personnalisez votre actualit\u00e9 en ajoutant vos villes et m\u00e9dias en favori avec <a href=\"https:\/\/moncompte.actu.fr\" title=\"D\u00e9couvez Mon Actu\" rel=\"nofollow noopener\" data-trk=\"{&quot;cta&quot;:{&quot;action&quot;:&quot;https:\\\/\\\/moncompte.actu.fr&quot;,&quot;category&quot;:&quot;mon compte&quot;,&quot;from&quot;:&quot;article footer&quot;,&quot;name&quot;:&quot;Mon actu&quot;,&quot;type&quot;:&quot;cta&quot;}}\" target=\"_blank\">Mon Actu<\/a>.<\/p>\n","protected":false},"excerpt":{"rendered":"Par Thomas Bernard Publi\u00e9 le 22 nov. 2025 \u00e0 18h51 Le 13\u00a0novembre dernier, Mehdi Kessaci a \u00e9t\u00e9 assassin\u00e9&hellip;\n","protected":false},"author":2,"featured_media":552375,"comment_status":"","ping_status":"","sticky":false,"template":"","format":"standard","meta":{"footnotes":""},"categories":[2818],"tags":[1111,11,1052,1777,674,1011,27,1272,766,12,2636,25,104],"class_list":{"0":"post-552374","1":"post","2":"type-post","3":"status-publish","4":"format-standard","5":"has-post-thumbnail","7":"category-nantes","8":"tag-actu","9":"tag-actualites","10":"tag-drogue","11":"tag-eu","12":"tag-europe","13":"tag-fr","14":"tag-france","15":"tag-manifestations","16":"tag-nantes","17":"tag-news","18":"tag-pays-de-la-loire","19":"tag-republique-francaise","20":"tag-societe"},"share_on_mastodon":{"url":"https:\/\/pubeurope.com\/@fr\/115596280419148959","error":""},"_links":{"self":[{"href":"https:\/\/www.europesays.com\/fr\/wp-json\/wp\/v2\/posts\/552374","targetHints":{"allow":["GET"]}}],"collection":[{"href":"https:\/\/www.europesays.com\/fr\/wp-json\/wp\/v2\/posts"}],"about":[{"href":"https:\/\/www.europesays.com\/fr\/wp-json\/wp\/v2\/types\/post"}],"author":[{"embeddable":true,"href":"https:\/\/www.europesays.com\/fr\/wp-json\/wp\/v2\/users\/2"}],"replies":[{"embeddable":true,"href":"https:\/\/www.europesays.com\/fr\/wp-json\/wp\/v2\/comments?post=552374"}],"version-history":[{"count":0,"href":"https:\/\/www.europesays.com\/fr\/wp-json\/wp\/v2\/posts\/552374\/revisions"}],"wp:featuredmedia":[{"embeddable":true,"href":"https:\/\/www.europesays.com\/fr\/wp-json\/wp\/v2\/media\/552375"}],"wp:attachment":[{"href":"https:\/\/www.europesays.com\/fr\/wp-json\/wp\/v2\/media?parent=552374"}],"wp:term":[{"taxonomy":"category","embeddable":true,"href":"https:\/\/www.europesays.com\/fr\/wp-json\/wp\/v2\/categories?post=552374"},{"taxonomy":"post_tag","embeddable":true,"href":"https:\/\/www.europesays.com\/fr\/wp-json\/wp\/v2\/tags?post=552374"}],"curies":[{"name":"wp","href":"https:\/\/api.w.org\/{rel}","templated":true}]}}