{"id":552386,"date":"2025-11-23T01:00:30","date_gmt":"2025-11-23T01:00:30","guid":{"rendered":"https:\/\/www.europesays.com\/fr\/552386\/"},"modified":"2025-11-23T01:00:30","modified_gmt":"2025-11-23T01:00:30","slug":"tommy-recco-lhomme-qui-a-passe-le-plus-de-temps-en-prison-est-mort-a-marseille","status":"publish","type":"post","link":"https:\/\/www.europesays.com\/fr\/552386\/","title":{"rendered":"Tommy Recco, l&rsquo;homme qui a pass\u00e9 le plus de temps en prison, est mort \u00e0 Marseille"},"content":{"rendered":"<p>\u00ab\u00a0Il est mort de vieillesse\u00a0\u00bb, a pr\u00e9cis\u00e9 \u00e0 l&rsquo;AFP cette m\u00eame source, confirmant une information de France 3 Corse. Il avait \u00e9t\u00e9 transf\u00e9r\u00e9 de la prison de Borgo, en Haute-Corse, \u00e0 Salon-de-Provence, puis plus r\u00e9cemment \u00e0 Luynes, pr\u00e8s d&rsquo;Aix-en-Provence.<\/p>\n<p>55 ans derri\u00e8re les barreaux en additionnant ses deux p\u00e9riodes de d\u00e9tention<\/p>\n<p>Condamn\u00e9 en 1983 \u00e0 la r\u00e9clusion criminelle \u00e0 perp\u00e9tuit\u00e9 pour deux triples meurtres, ce Corse n\u00e9 le 10 mai 1934 \u00e0 Propriano est le d\u00e9tenu ayant pass\u00e9 le plus de temps en prison en France, avec plus de 55 ans derri\u00e8re les barreaux en additionnant ses deux p\u00e9riodes de d\u00e9tention, apr\u00e8s son premier meurtre en 1960 jusqu&rsquo;en 1977, puis depuis 1980. \u00a0<\/p>\n<p>Depuis plusieurs ann\u00e9es, il avait formul\u00e9 plus d&rsquo;une vingtaine de demandes de lib\u00e9ration anticip\u00e9e. \u00ab\u00a0Tommy\u00a0\u00bb Recco a toujours ni\u00e9 les meurtres pour lesquels il a \u00e9t\u00e9 condamn\u00e9 : celui de trois caissi\u00e8res d&rsquo;un supermarch\u00e9 de B\u00e9ziers (H\u00e9rault) le 22 d\u00e9cembre 1979, et celui d&rsquo;une fillette, de son p\u00e8re et d&rsquo;un de leurs voisins, \u00e0 Carqueiranne (Var), le 18 janvier 1980.<\/p>\n","protected":false},"excerpt":{"rendered":"\u00ab\u00a0Il est mort de vieillesse\u00a0\u00bb, a pr\u00e9cis\u00e9 \u00e0 l&rsquo;AFP cette m\u00eame source, confirmant une information de France 3&hellip;\n","protected":false},"author":2,"featured_media":552387,"comment_status":"","ping_status":"","sticky":false,"template":"","format":"standard","meta":{"footnotes":""},"categories":[2814],"tags":[17,1111,11,4070,1777,674,1011,27,5910,884,28152,12,882,3583,66967,16,25,66966,66965],"class_list":{"0":"post-552386","1":"post","2":"type-post","3":"status-publish","4":"format-standard","5":"has-post-thumbnail","7":"category-marseille","8":"tag-17","9":"tag-actu","10":"tag-actualites","11":"tag-deux","12":"tag-eu","13":"tag-europe","14":"tag-fr","15":"tag-france","16":"tag-lhomme","17":"tag-marseille","18":"tag-meurtres","19":"tag-news","20":"tag-provence-alpes-cote-dazur","21":"tag-qui","22":"tag-recco","23":"tag-region","24":"tag-republique-francaise","25":"tag-tommy","26":"tag-triples"},"share_on_mastodon":{"url":"https:\/\/pubeurope.com\/@fr\/115596310811993049","error":""},"_links":{"self":[{"href":"https:\/\/www.europesays.com\/fr\/wp-json\/wp\/v2\/posts\/552386","targetHints":{"allow":["GET"]}}],"collection":[{"href":"https:\/\/www.europesays.com\/fr\/wp-json\/wp\/v2\/posts"}],"about":[{"href":"https:\/\/www.europesays.com\/fr\/wp-json\/wp\/v2\/types\/post"}],"author":[{"embeddable":true,"href":"https:\/\/www.europesays.com\/fr\/wp-json\/wp\/v2\/users\/2"}],"replies":[{"embeddable":true,"href":"https:\/\/www.europesays.com\/fr\/wp-json\/wp\/v2\/comments?post=552386"}],"version-history":[{"count":0,"href":"https:\/\/www.europesays.com\/fr\/wp-json\/wp\/v2\/posts\/552386\/revisions"}],"wp:featuredmedia":[{"embeddable":true,"href":"https:\/\/www.europesays.com\/fr\/wp-json\/wp\/v2\/media\/552387"}],"wp:attachment":[{"href":"https:\/\/www.europesays.com\/fr\/wp-json\/wp\/v2\/media?parent=552386"}],"wp:term":[{"taxonomy":"category","embeddable":true,"href":"https:\/\/www.europesays.com\/fr\/wp-json\/wp\/v2\/categories?post=552386"},{"taxonomy":"post_tag","embeddable":true,"href":"https:\/\/www.europesays.com\/fr\/wp-json\/wp\/v2\/tags?post=552386"}],"curies":[{"name":"wp","href":"https:\/\/api.w.org\/{rel}","templated":true}]}}