{"id":552388,"date":"2025-11-23T01:02:17","date_gmt":"2025-11-23T01:02:17","guid":{"rendered":"https:\/\/www.europesays.com\/fr\/552388\/"},"modified":"2025-11-23T01:02:17","modified_gmt":"2025-11-23T01:02:17","slug":"previsions-du-dimanche-23-novembre-2025-6","status":"publish","type":"post","link":"https:\/\/www.europesays.com\/fr\/552388\/","title":{"rendered":"pr\u00e9visions du dimanche 23 novembre 2025"},"content":{"rendered":"<p>\u00c0 Marseille les valeurs seront comprises entre 5 et 9\u00b0C pendant la journ\u00e9e. Un vent de nord-ouest soufflera doucement. La m\u00e9t\u00e9o devrait s&rsquo;am\u00e9liorer durant la matin\u00e9e. Les temp\u00e9ratures iront de 5 \u00e0 7\u00b0C. Le ciel sera toujours couvert l&rsquo;apr\u00e8s-midi avec des nuages. Les valeurs seront de 8\u00b0C au minimum et de 9\u00b0C au maximum. Les nuages \u00e0 pr\u00e9voir le soir, et un ciel encore maussade. Il faudra s&rsquo;attendre \u00e0 des perturbations, les Marseillais se retrouveront sous des pluies \u00e9parses. Les temp\u00e9ratures avoisineront les 9\u00b0C. Une nuit claire vous attendra entre dimanche et lundi.<\/p>\n<p>Demain, \u00e0 Marseille, on sera sous un ciel bien gris, couvert de nuages. Le temps va se r\u00e9chauffer avec une augmentation de plusieurs degr\u00e9s. Les temp\u00e9ratures afficheront entre 11 et 14\u00b0C. Le matin, la m\u00e9t\u00e9o sera marqu\u00e9e par de la bruine l\u00e9g\u00e8re. Il va faire environ 12\u00b0C. Une modeste brise de sud-ouest sera ressentie par les habitants. Les nuages seront visibles demain apr\u00e8s-midi. Il faudra emporter son parapluie pour \u00e9viter la pluie. Les valeurs s&rsquo;\u00e9chelonneront entre 12\u00b0C et 14\u00b0C. Encore de la grisaille demain soir. Les nuages vont stationner. Du mauvais temps est \u00e0 pr\u00e9voir. Des pluies \u00e9parses vont tomber. Les temp\u00e9ratures seront comprises entre 12 et 13\u00b0C. Un l\u00e9ger vent d&rsquo;ouest soufflera.<\/p>\n<p>Une am\u00e9lioration est \u00e0 pr\u00e9voir les prochains jours. Il fera 9\u00b0C en moyenne pour des journ\u00e9es avec une m\u00e9t\u00e9o ensoleill\u00e9e.<\/p>\n<p><\/p>\n","protected":false},"excerpt":{"rendered":"\u00c0 Marseille les valeurs seront comprises entre 5 et 9\u00b0C pendant la journ\u00e9e. Un vent de nord-ouest soufflera&hellip;\n","protected":false},"author":2,"featured_media":552389,"comment_status":"","ping_status":"","sticky":false,"template":"","format":"standard","meta":{"footnotes":""},"categories":[2814],"tags":[1111,11,1777,674,1011,27,884,12,2119,882,25],"class_list":{"0":"post-552388","1":"post","2":"type-post","3":"status-publish","4":"format-standard","5":"has-post-thumbnail","7":"category-marseille","8":"tag-actu","9":"tag-actualites","10":"tag-eu","11":"tag-europe","12":"tag-fr","13":"tag-france","14":"tag-marseille","15":"tag-news","16":"tag-previsions-meteo","17":"tag-provence-alpes-cote-dazur","18":"tag-republique-francaise"},"share_on_mastodon":{"url":"https:\/\/pubeurope.com\/@fr\/115596318649709657","error":""},"_links":{"self":[{"href":"https:\/\/www.europesays.com\/fr\/wp-json\/wp\/v2\/posts\/552388","targetHints":{"allow":["GET"]}}],"collection":[{"href":"https:\/\/www.europesays.com\/fr\/wp-json\/wp\/v2\/posts"}],"about":[{"href":"https:\/\/www.europesays.com\/fr\/wp-json\/wp\/v2\/types\/post"}],"author":[{"embeddable":true,"href":"https:\/\/www.europesays.com\/fr\/wp-json\/wp\/v2\/users\/2"}],"replies":[{"embeddable":true,"href":"https:\/\/www.europesays.com\/fr\/wp-json\/wp\/v2\/comments?post=552388"}],"version-history":[{"count":0,"href":"https:\/\/www.europesays.com\/fr\/wp-json\/wp\/v2\/posts\/552388\/revisions"}],"wp:featuredmedia":[{"embeddable":true,"href":"https:\/\/www.europesays.com\/fr\/wp-json\/wp\/v2\/media\/552389"}],"wp:attachment":[{"href":"https:\/\/www.europesays.com\/fr\/wp-json\/wp\/v2\/media?parent=552388"}],"wp:term":[{"taxonomy":"category","embeddable":true,"href":"https:\/\/www.europesays.com\/fr\/wp-json\/wp\/v2\/categories?post=552388"},{"taxonomy":"post_tag","embeddable":true,"href":"https:\/\/www.europesays.com\/fr\/wp-json\/wp\/v2\/tags?post=552388"}],"curies":[{"name":"wp","href":"https:\/\/api.w.org\/{rel}","templated":true}]}}