{"id":552394,"date":"2025-11-23T01:06:28","date_gmt":"2025-11-23T01:06:28","guid":{"rendered":"https:\/\/www.europesays.com\/fr\/552394\/"},"modified":"2025-11-23T01:06:28","modified_gmt":"2025-11-23T01:06:28","slug":"previsions-meteo-apres-la-neige-et-le-froid-le-retour-du-beau-temps","status":"publish","type":"post","link":"https:\/\/www.europesays.com\/fr\/552394\/","title":{"rendered":"Pr\u00e9visions m\u00e9t\u00e9o : apr\u00e8s la neige et le froid, le retour du beau temps ?"},"content":{"rendered":"<ul class=\"jsx-862013697 ArticleChapo__List\">\n<li class=\"jsx-862013697 ArticleChapo__List_Item flex\">La douceur inhabituelle de la mi-novembre a laiss\u00e9 place \u00e0 un coup de froid ce week-end, amenant M\u00e9t\u00e9o France \u00e0 placer 14 d\u00e9partements en vigilance orange neige-verglas.<\/li>\n<li class=\"jsx-862013697 ArticleChapo__List_Item flex\">Annonc\u00e9 comme la journ\u00e9e la plus froide de la semaine, ce samedi 22 novembre marque le retour de la neige sur une partie du pays.<\/li>\n<li class=\"jsx-862013697 ArticleChapo__List_Item flex\">Cet \u00e9pisode express sera suivi d\u2019une hausse des temp\u00e9ratures.<\/li>\n<\/ul>\n<p data-module=\"article-paragraph\" class=\"jsx-3046738180 Paragraph Paragraph__End\">L\u2019hiver a frapp\u00e9 \u00e0 nos portes d\u2019un grand coup. Bonnets, \u00e9charpes et gants sont les accessoires indispensables d\u2019un week-end marqu\u00e9 par un \u00e9pisode de froid provoqu\u00e9 par une masse d\u2019air d\u2019origine polaire. Charg\u00e9e en humidit\u00e9, elle s\u2019accompagne d\u2019averses de neige localement jusqu\u2019en plaine, en particulier en r\u00e9gion parisienne.\u00a0<\/p>\n<p data-module=\"article-paragraph\" class=\"jsx-3046738180 Paragraph Paragraph__End\">M\u00e9t\u00e9o France a ainsi plac\u00e9 <a href=\"https:\/\/www.tf1info.fr\/meteo\/en-direct-alerte-meteo-france-neige-verglas-8-departements-en-vigilance-orange-a-partir-de-20h-2408238.html\" target=\"_blank\" rel=\"noopener\">14 d\u00e9partements en vigilance orange neige et verglas<\/a>. L&rsquo;\u00cele-de-France est concern\u00e9e \u00e0 partie \u00e0 partir de 20h ce samedi 22 novembre. Ce sera \u00e0 partir de ce dimanche 23 novembre \u00e0 minuit pour une partie du Massif central.<\/p>\n<p>Pluies vergla\u00e7antes et redoux<\/p>\n<p data-module=\"article-paragraph\" class=\"jsx-3046738180 Paragraph Paragraph__End\">Jusqu\u2019\u00e0 7 cm de neige sont attendus en \u00cele-de-France avant un d\u00e9part de la perturbation \u00ab\u00a0en fin de nuit\u00a0\u00bb. \u00ab\u00a0La perturbation neigeuse poursuit sa route vers l\u2019est dans la nuit, toutefois les quantit\u00e9s seront moins importantes. Le risque de pluie vergla\u00e7ante reste pr\u00e9sent\u00a0\u00bb, <a href=\"https:\/\/meteofrance.com\/actualites-et-dossiers\/actualites\/grand-froid-neige-et-verglas-ce-week-end\" target=\"_blank\" rel=\"nofollow noopener\">pr\u00e9cise M\u00e9t\u00e9o France (nouvelle fen\u00eatre)<\/a>. Le redoux viendra ensuite de l\u2019Atlantique d\u00e8s dimanche, avec des \u00ab\u00a0pluies copieuses\u00a0\u00bb sur la r\u00e9gion Aquitaine.<\/p>\n<p><a href=\"https:\/\/www.tf1info.fr\/meteo\/en-direct-alerte-meteo-france-neige-verglas-8-departements-en-vigilance-orange-a-partir-de-20h-2408238.html\" rel=\"noopener\" class=\"jsx-3308031228 Link flex\" target=\"_blank\"><img decoding=\"async\" src=\"https:\/\/www.europesays.com\/fr\/wp-content\/uploads\/2025\/11\/verglas-puy-de-dome-337cc1-2@1x.jpeg\" alt=\"THIERRY ZOCCOLAN \/ AFP\" loading=\"lazy\" importance=\"low\" fetchpriority=\"low\" class=\"\" aria-hidden=\"true\"\/><\/p>\n<p class=\"jsx-3657663356 ReadMoreArticle__Title\">Lire aussi<\/p>\n<p class=\"jsx-3657663356\">EN DIRECT &#8211; Neige-verglas : les derni\u00e8res informations sur la vigilance orange de M\u00e9t\u00e9o France<\/p>\n<p><\/a><\/p>\n<p data-module=\"article-paragraph\" class=\"jsx-3046738180 Paragraph Paragraph__End\">Les pr\u00e9cipitations gagneront une majeure partie du pays sur un axe allant jusqu\u2019\u00e0 l\u2019Alsace. Les temp\u00e9ratures grimperont pour atteindre dimanche apr\u00e8s-midi jusqu\u2019\u00e0 15 \u00b0C sur la c\u00f4te Atlantique, 7 \u00b0C \u00e0 Paris et moins de 5 \u00b0C dans l\u2019Est. Douceur encore ce lundi qui sera encore bien humide, mais des \u00e9claircies sont pr\u00e9vues sur la moiti\u00e9 nord. Attention, si vous vivez dans les Alpes, \u00ab\u00a0de bonnes chutes de neige\u00a0\u00bb sont attendues \u00ab\u00a0d\u00e8s la moyenne montagne\u00a0\u00bb pour commencer la semaine.<\/p>\n<p>La r\u00e9daction de TF1info<\/p>\n","protected":false},"excerpt":{"rendered":"La douceur inhabituelle de la mi-novembre a laiss\u00e9 place \u00e0 un coup de froid ce week-end, amenant M\u00e9t\u00e9o&hellip;\n","protected":false},"author":2,"featured_media":552395,"comment_status":"","ping_status":"","sticky":false,"template":"","format":"standard","meta":{"footnotes":""},"categories":[1592],"tags":[1111,11,1921,1777,674,1011,27,662,1922,10584,12,626,2119,25,133,11009],"class_list":{"0":"post-552394","1":"post","2":"type-post","3":"status-publish","4":"format-standard","5":"has-post-thumbnail","7":"category-ile-de-france","8":"tag-actu","9":"tag-actualites","10":"tag-article-video","11":"tag-eu","12":"tag-europe","13":"tag-fr","14":"tag-france","15":"tag-ile-de-france","16":"tag-info","17":"tag-neige","18":"tag-news","19":"tag-paris","20":"tag-previsions-meteo","21":"tag-republique-francaise","22":"tag-video","23":"tag-video-meteo-et-intemperies"},"share_on_mastodon":{"url":"https:\/\/pubeurope.com\/@fr\/115596334640735704","error":""},"_links":{"self":[{"href":"https:\/\/www.europesays.com\/fr\/wp-json\/wp\/v2\/posts\/552394","targetHints":{"allow":["GET"]}}],"collection":[{"href":"https:\/\/www.europesays.com\/fr\/wp-json\/wp\/v2\/posts"}],"about":[{"href":"https:\/\/www.europesays.com\/fr\/wp-json\/wp\/v2\/types\/post"}],"author":[{"embeddable":true,"href":"https:\/\/www.europesays.com\/fr\/wp-json\/wp\/v2\/users\/2"}],"replies":[{"embeddable":true,"href":"https:\/\/www.europesays.com\/fr\/wp-json\/wp\/v2\/comments?post=552394"}],"version-history":[{"count":0,"href":"https:\/\/www.europesays.com\/fr\/wp-json\/wp\/v2\/posts\/552394\/revisions"}],"wp:featuredmedia":[{"embeddable":true,"href":"https:\/\/www.europesays.com\/fr\/wp-json\/wp\/v2\/media\/552395"}],"wp:attachment":[{"href":"https:\/\/www.europesays.com\/fr\/wp-json\/wp\/v2\/media?parent=552394"}],"wp:term":[{"taxonomy":"category","embeddable":true,"href":"https:\/\/www.europesays.com\/fr\/wp-json\/wp\/v2\/categories?post=552394"},{"taxonomy":"post_tag","embeddable":true,"href":"https:\/\/www.europesays.com\/fr\/wp-json\/wp\/v2\/tags?post=552394"}],"curies":[{"name":"wp","href":"https:\/\/api.w.org\/{rel}","templated":true}]}}