{"id":55240,"date":"2025-04-26T20:39:08","date_gmt":"2025-04-26T20:39:08","guid":{"rendered":"https:\/\/www.europesays.com\/fr\/55240\/"},"modified":"2025-04-26T20:39:08","modified_gmt":"2025-04-26T20:39:08","slug":"cetait-peut-etre-mon-dernier-match-a-madrid-annonce-novak-djokovic","status":"publish","type":"post","link":"https:\/\/www.europesays.com\/fr\/55240\/","title":{"rendered":"\u00abC&rsquo;\u00e9tait peut-\u00eatre mon dernier match \u00e0 Madrid\u00bb, annonce Novak Djokovic"},"content":{"rendered":"<p>\u00c0 l\u2019issue de son \u00e9limination au deuxi\u00e8me tour du tournoi de Madrid ce samedi, Novak Djokovic a d\u00e9clar\u00e9 qu\u2019il s\u2019agissait peut-\u00eatre de son dernier tournoi disput\u00e9 dans la capitale espagnole.<\/p>\n<p class=\"fig-paragraph\">Le Serbe\u00a0<a href=\"http:\/\/www.lefigaro.fr\/sports\/tennis\/tennis-djokovic-sorti-des-le-deuxieme-tour-a-madrid-a-un-mois-de-roland-garros-20250426\" data-fig-type=\"NewsFlash\" data-gtm-custom-categorie=\"navigation\" data-gtm-custom-action=\"crossclick\" data-gtm-custom-label=\"Contextuel\" data-gtm-event=\"customEventSPE\" data-fig-domain=\"LEFIGARO\" target=\"_blank\" rel=\"noopener\">Novak Djokovic<\/a>, \u00e9limin\u00e9 samedi d\u00e8s son entr\u00e9e en lice au 2e tour du Masters 1000 de Madrid par Matteo Arnaldi (6-3, 6-4), a admis que son match contre l&rsquo;Italien (44e) \u00e9tait peut-\u00eatre le dernier de sa carri\u00e8re dans la capitale espagnole. \u00abC&rsquo;\u00e9tait peut-\u00eatre (mon dernier match ici), je ne sais pas si je reviendrai donc je ne sais pas quoi dire, a-t-il d\u00e9clar\u00e9 en conf\u00e9rence de presse. Je reviendrai, bien s\u00fbr, mais peut-\u00eatre pas en tant que joueur. Je ne l&rsquo;esp\u00e8re pas, mais \u00e7a pourrait \u00eatre le cas.\u00bb<\/p>\n<p class=\"fig-paragraph\">\u00ab\u00c9videmment, apr\u00e8s avoir perdu un match, on ne se sent pas bien, mais c&rsquo;est arriv\u00e9 quelques fois cette ann\u00e9e que je perde d\u00e8s mon entr\u00e9e en lice malheureusement\u00bb, a rappel\u00e9 le Serbe de 37 ans (5e mondial), qui n&rsquo;avait plus jou\u00e9 \u00e0 Madrid depuis 2022.<\/p>\n<blockquote class=\"fig-quote&#10;    \">\n<p class=\"fig-quote__text\">C\u2019est une nouvelle r\u00e9alit\u00e9 pour moi, essayer de gagner un match ou deux, sans vraiment penser \u00e0 aller loin dans le tournoi. C\u2019est un sentiment compl\u00e8tement diff\u00e9rent de ce que j\u2019ai pu conna\u00eetre pendant plus de 20 ans dans le tennis professionnel<\/p>\n<p>            Novak Djokovic\n    <\/p><\/blockquote>\n<p class=\"fig-paragraph\">\u00abJe pense que le positif, c&rsquo;est que j&rsquo;ai vraiment pris du plaisir, plus qu&rsquo;\u00e0 Monte-Carlo ou dans un autre tournoi, donc c&rsquo;est une bonne chose. Mais bien s\u00fbr, ce n&rsquo;est pas le niveau de tennis auquel j&rsquo;aimerais \u00eatre\u00bb, a poursuivi le m\u00e9daill\u00e9 d&rsquo;or aux Jeux olympiques de Paris l&rsquo;\u00e9t\u00e9 dernier.<\/p>\n<p class=\"fig-paragraph\">L&rsquo;ancien num\u00e9ro 1 mondial a admis qu&rsquo;il devait s&rsquo;adapter \u00e0 sa situation actuelle: \u00abC&rsquo;est une nouvelle r\u00e9alit\u00e9 pour moi, essayer de gagner un match ou deux, sans vraiment penser \u00e0 aller loin dans le tournoi. C&rsquo;est un sentiment compl\u00e8tement diff\u00e9rent de ce que j&rsquo;ai pu conna\u00eetre pendant plus de 20 ans dans le tennis professionnel. C&rsquo;est une sorte de d\u00e9fi pour moi, mentalement, de faire face \u00e0 ce type de sensations sur le court\u00bb. \u00abJe crois que c&rsquo;est le cycle de la vie et de la carri\u00e8re, \u00e7a devait arriver un jour\u00bb, a soulign\u00e9 Djokovic avec le sourire alors qu&rsquo;il n&rsquo;a plus gagn\u00e9 de titre sur le circuit ATP depuis le Masters en novembre 2023.<\/p>\n","protected":false},"excerpt":{"rendered":"\u00c0 l\u2019issue de son \u00e9limination au deuxi\u00e8me tour du tournoi de Madrid ce samedi, Novak Djokovic a d\u00e9clar\u00e9&hellip;\n","protected":false},"author":2,"featured_media":55241,"comment_status":"","ping_status":"","sticky":false,"template":"","format":"standard","meta":{"footnotes":""},"categories":[1415],"tags":[47,4169,525,1981,4178,4179,1011,27,1114,3996,4177,4176,4174,6433,4175,1980,4171,60,1467,4172,4173,4170],"class_list":{"0":"post-55240","1":"post","2":"type-post","3":"status-publish","4":"format-standard","5":"has-post-thumbnail","7":"category-tennis","8":"tag-actualite","9":"tag-atp","10":"tag-calendrier","11":"tag-classement","12":"tag-coupe-davis","13":"tag-fed-cup","14":"tag-fr","15":"tag-france","16":"tag-infos","17":"tag-jeux-olympiques","18":"tag-masters-1000","19":"tag-masters-500","20":"tag-masters-series","21":"tag-novak-djokovic","22":"tag-open-daustralie","23":"tag-resultats","24":"tag-roland-garros","25":"tag-sports","26":"tag-tennis","27":"tag-us-open","28":"tag-wimbledon","29":"tag-wta"},"share_on_mastodon":{"url":"https:\/\/pubeurope.com\/@fr\/114406199316828006","error":""},"_links":{"self":[{"href":"https:\/\/www.europesays.com\/fr\/wp-json\/wp\/v2\/posts\/55240","targetHints":{"allow":["GET"]}}],"collection":[{"href":"https:\/\/www.europesays.com\/fr\/wp-json\/wp\/v2\/posts"}],"about":[{"href":"https:\/\/www.europesays.com\/fr\/wp-json\/wp\/v2\/types\/post"}],"author":[{"embeddable":true,"href":"https:\/\/www.europesays.com\/fr\/wp-json\/wp\/v2\/users\/2"}],"replies":[{"embeddable":true,"href":"https:\/\/www.europesays.com\/fr\/wp-json\/wp\/v2\/comments?post=55240"}],"version-history":[{"count":0,"href":"https:\/\/www.europesays.com\/fr\/wp-json\/wp\/v2\/posts\/55240\/revisions"}],"wp:featuredmedia":[{"embeddable":true,"href":"https:\/\/www.europesays.com\/fr\/wp-json\/wp\/v2\/media\/55241"}],"wp:attachment":[{"href":"https:\/\/www.europesays.com\/fr\/wp-json\/wp\/v2\/media?parent=55240"}],"wp:term":[{"taxonomy":"category","embeddable":true,"href":"https:\/\/www.europesays.com\/fr\/wp-json\/wp\/v2\/categories?post=55240"},{"taxonomy":"post_tag","embeddable":true,"href":"https:\/\/www.europesays.com\/fr\/wp-json\/wp\/v2\/tags?post=55240"}],"curies":[{"name":"wp","href":"https:\/\/api.w.org\/{rel}","templated":true}]}}