{"id":552400,"date":"2025-11-23T01:09:14","date_gmt":"2025-11-23T01:09:14","guid":{"rendered":"https:\/\/www.europesays.com\/fr\/552400\/"},"modified":"2025-11-23T01:09:14","modified_gmt":"2025-11-23T01:09:14","slug":"chassez-le-par-la-porte-il-revient-par-la-fenetre-arash-derambarsh-redevient-docteur-en-droit","status":"publish","type":"post","link":"https:\/\/www.europesays.com\/fr\/552400\/","title":{"rendered":"\u00ab\u00a0Chassez-le par la porte, il revient par la fen\u00eatre\u00a0\u00bb\u00a0: Arash Derambarsh redevient docteur en droit"},"content":{"rendered":"<p class=\"paragraph text_align_left lp-f-body-02\">Annuler une th\u00e8se \u00e0 Arash Derambarsh, il en soutiendra une autre. <a href=\"https:\/\/www.leparisien.fr\/hauts-de-seine-92\/arash-derambarsh-elu-de-courbevoie-sanctionne-pour-plagiat-26-07-2020-8359080.php\" target=\"_self\" rel=\"nofollow noopener\">D\u00e9chu de son titre de docteur en droit apr\u00e8s des accusations de plagiat<\/a>, l\u2019adjoint au maire de Courbevoie a r\u00e9cup\u00e9r\u00e9 la prestigieuse distinction \u00e0 laquelle il tient tant. Un dipl\u00f4me qu\u2019il a obtenu loin de France, en Arm\u00e9nie, plus pr\u00e9cis\u00e9ment \u00e0 l\u2019universit\u00e9 d\u2019Erevan o\u00f9 il a soutenu et d\u00e9croch\u00e9, au printemps dernier, une th\u00e8se sur le th\u00e8me du\u2026 gaspillage alimentaire.<\/p>\n<p class=\"paragraph text_align_left lp-f-body-02\">\u00ab Pourquoi l\u2019Arm\u00e9nie ? \u00bb s\u2019interrogent, suspicieux, plusieurs de ses d\u00e9tracteurs. Parce qu\u2019Arash Derambarsh n\u2019avait tout simplement pas le droit de soutenir une th\u00e8se en France. Apr\u00e8s son affaire de plagiat, la section disciplinaire de la Sorbonne avait en effet annul\u00e9 sa soutenance de th\u00e8se, et par cons\u00e9quent son dipl\u00f4me. Mais pas seulement. L\u2019universit\u00e9 avait aussi prononc\u00e9 son exclusion d\u00e9finitive de tout \u00e9tablissement d\u2019enseignement sup\u00e9rieur.<\/p>\n","protected":false},"excerpt":{"rendered":"Annuler une th\u00e8se \u00e0 Arash Derambarsh, il en soutiendra une autre. D\u00e9chu de son titre de docteur en&hellip;\n","protected":false},"author":2,"featured_media":552401,"comment_status":"","ping_status":"","sticky":false,"template":"","format":"standard","meta":{"footnotes":""},"categories":[1888],"tags":[11,1777,674,1011,27,3314,1944,12,626,25],"class_list":{"0":"post-552400","1":"post","2":"type-post","3":"status-publish","4":"format-standard","5":"has-post-thumbnail","7":"category-paris","8":"tag-actualites","9":"tag-eu","10":"tag-europe","11":"tag-fr","12":"tag-france","13":"tag-hauts-de-seine","14":"tag-ma-ville","15":"tag-news","16":"tag-paris","17":"tag-republique-francaise"},"share_on_mastodon":{"url":"https:\/\/pubeurope.com\/@fr\/115596346476646619","error":""},"_links":{"self":[{"href":"https:\/\/www.europesays.com\/fr\/wp-json\/wp\/v2\/posts\/552400","targetHints":{"allow":["GET"]}}],"collection":[{"href":"https:\/\/www.europesays.com\/fr\/wp-json\/wp\/v2\/posts"}],"about":[{"href":"https:\/\/www.europesays.com\/fr\/wp-json\/wp\/v2\/types\/post"}],"author":[{"embeddable":true,"href":"https:\/\/www.europesays.com\/fr\/wp-json\/wp\/v2\/users\/2"}],"replies":[{"embeddable":true,"href":"https:\/\/www.europesays.com\/fr\/wp-json\/wp\/v2\/comments?post=552400"}],"version-history":[{"count":0,"href":"https:\/\/www.europesays.com\/fr\/wp-json\/wp\/v2\/posts\/552400\/revisions"}],"wp:featuredmedia":[{"embeddable":true,"href":"https:\/\/www.europesays.com\/fr\/wp-json\/wp\/v2\/media\/552401"}],"wp:attachment":[{"href":"https:\/\/www.europesays.com\/fr\/wp-json\/wp\/v2\/media?parent=552400"}],"wp:term":[{"taxonomy":"category","embeddable":true,"href":"https:\/\/www.europesays.com\/fr\/wp-json\/wp\/v2\/categories?post=552400"},{"taxonomy":"post_tag","embeddable":true,"href":"https:\/\/www.europesays.com\/fr\/wp-json\/wp\/v2\/tags?post=552400"}],"curies":[{"name":"wp","href":"https:\/\/api.w.org\/{rel}","templated":true}]}}