{"id":552402,"date":"2025-11-23T01:10:16","date_gmt":"2025-11-23T01:10:16","guid":{"rendered":"https:\/\/www.europesays.com\/fr\/552402\/"},"modified":"2025-11-23T01:10:16","modified_gmt":"2025-11-23T01:10:16","slug":"les-premieres-images-de-la-neige-a-paris-et-dans-la-region","status":"publish","type":"post","link":"https:\/\/www.europesays.com\/fr\/552402\/","title":{"rendered":"Les premi\u00e8res images de la neige \u00e0 Paris et dans la r\u00e9gion"},"content":{"rendered":"<p class=\"paragraph text_align_left lp-f-body-02\">Elle \u00e9tait tant attendue. <a href=\"https:\/\/www.leparisien.fr\/environnement\/climat\/neige-et-verglas-les-precautions-a-prendre-en-voiture-a-velo-et-a-pied-22-11-2025-IYGAJRUMUZGPTP3OE7QF57PS6U.php\" target=\"_self\" rel=\"nofollow noopener\">La neige<\/a> est arriv\u00e9e dans la r\u00e9gion parisienne vers 23h, touchant dans un premier temps les Yvelines et le Val-d\u2019Oise. A <a href=\"https:\/\/www.leparisien.fr\/paris-75\/\" target=\"_self\" rel=\"nofollow noopener\">Paris<\/a>, et sa proche banlieue, les premiers flocons sont tomb\u00e9s vers minuit samedi soir. La neige a tr\u00e8s vite tenu au sol. Comme ici au Parc des Princes, dans le XVIe arrondissement. Heureusement, le match \u00e9tait termin\u00e9 <a href=\"https:\/\/www.leparisien.fr\/sports\/football\/psg\/psg-le-havre-3-0-paris-evite-le-coup-de-froid-pour-reprendre-la-tete-de-la-ligue-1-22-11-2025-VH3WY3YPUNGCZEXOOB57ZF7FPA.php\" target=\"_self\" rel=\"nofollow noopener\">entre le PSG et Le Havre<\/a>.<\/p>\n<p class=\"paragraph text_align_left lp-f-body-02\">La situation est vite devenue difficile sur les routes de la capitale.<\/p>\n<p class=\"paragraph text_align_left lp-f-body-02\">En d\u00e9but de nuit, la neige tombait \u00e9galement dans les Hauts-de-Seine, comme ici \u00e0 Clichy<\/p>\n<p><img decoding=\"async\" class=\"image \" loading=\"lazy\" src=\"https:\/\/www.europesays.com\/fr\/wp-content\/uploads\/2025\/11\/4K3KZIKUDNAPXCAR7NAXLFZTPA.jpg\" alt=\"De la neige \u00e0 Clichy, dans les Hauts-de-Seine. LP\/Aur\u00e9lie Audureau\" align=\"\" data-rubrique-principale=\"\" data-article-type=\"\" fetchpriority=\"auto\"\/>De la neige \u00e0 Clichy, dans les Hauts-de-Seine. LP\/Aur\u00e9lie Audureau<\/p>\n<p class=\"paragraph text_align_left lp-f-body-02\">L\u2019\u00e9pisode neigeux doit continuer toute la nuit en \u00cele-de-France et l\u2019ensemble des d\u00e9partements de la r\u00e9gion sont en vigilance orange.<\/p>\n<p class=\"paragraph text_align_left lp-f-body-02\">Entre 1 et 3 cm au sol sont attendus dans la nuit de samedi \u00e0 dimanche, avec localement 5 \u00e0 7 cm.<\/p>\n<p class=\"paragraph text_align_left lp-f-body-02\"><a href=\"https:\/\/www.leparisien.fr\/meteo\/pluies-redoux-va-t-il-encore-neiger-ce-dimanche-23-11-2025-NLNACOQSH5GCNFKF4P7M3G7SRI.php\" target=\"_self\" rel=\"nofollow noopener\">Des chutes de neige qui ne devraient pas durer<\/a>. Ce dimanche 23 novembre est marqu\u00e9 par l\u2019arriv\u00e9e de nouvelles pluies oc\u00e9aniques et d\u2019un net redoux.<\/p>\n","protected":false},"excerpt":{"rendered":"Elle \u00e9tait tant attendue. La neige est arriv\u00e9e dans la r\u00e9gion parisienne vers 23h, touchant dans un premier&hellip;\n","protected":false},"author":2,"featured_media":552403,"comment_status":"","ping_status":"","sticky":false,"template":"","format":"standard","meta":{"footnotes":""},"categories":[1888],"tags":[11,1777,674,1011,27,1944,12,626,25],"class_list":{"0":"post-552402","1":"post","2":"type-post","3":"status-publish","4":"format-standard","5":"has-post-thumbnail","7":"category-paris","8":"tag-actualites","9":"tag-eu","10":"tag-europe","11":"tag-fr","12":"tag-france","13":"tag-ma-ville","14":"tag-news","15":"tag-paris","16":"tag-republique-francaise"},"share_on_mastodon":{"url":"https:\/\/pubeurope.com\/@fr\/115596351581141201","error":""},"_links":{"self":[{"href":"https:\/\/www.europesays.com\/fr\/wp-json\/wp\/v2\/posts\/552402","targetHints":{"allow":["GET"]}}],"collection":[{"href":"https:\/\/www.europesays.com\/fr\/wp-json\/wp\/v2\/posts"}],"about":[{"href":"https:\/\/www.europesays.com\/fr\/wp-json\/wp\/v2\/types\/post"}],"author":[{"embeddable":true,"href":"https:\/\/www.europesays.com\/fr\/wp-json\/wp\/v2\/users\/2"}],"replies":[{"embeddable":true,"href":"https:\/\/www.europesays.com\/fr\/wp-json\/wp\/v2\/comments?post=552402"}],"version-history":[{"count":0,"href":"https:\/\/www.europesays.com\/fr\/wp-json\/wp\/v2\/posts\/552402\/revisions"}],"wp:featuredmedia":[{"embeddable":true,"href":"https:\/\/www.europesays.com\/fr\/wp-json\/wp\/v2\/media\/552403"}],"wp:attachment":[{"href":"https:\/\/www.europesays.com\/fr\/wp-json\/wp\/v2\/media?parent=552402"}],"wp:term":[{"taxonomy":"category","embeddable":true,"href":"https:\/\/www.europesays.com\/fr\/wp-json\/wp\/v2\/categories?post=552402"},{"taxonomy":"post_tag","embeddable":true,"href":"https:\/\/www.europesays.com\/fr\/wp-json\/wp\/v2\/tags?post=552402"}],"curies":[{"name":"wp","href":"https:\/\/api.w.org\/{rel}","templated":true}]}}