{"id":552404,"date":"2025-11-23T01:11:21","date_gmt":"2025-11-23T01:11:21","guid":{"rendered":"https:\/\/www.europesays.com\/fr\/552404\/"},"modified":"2025-11-23T01:11:21","modified_gmt":"2025-11-23T01:11:21","slug":"sans-elements-de-dissuasion-emmanuel-macron-affirme-que-les-russes-trahiront-leur-promesse","status":"publish","type":"post","link":"https:\/\/www.europesays.com\/fr\/552404\/","title":{"rendered":"sans \u00ab\u00a0\u00e9l\u00e9ments de dissuasion\u00a0\u00bb, Emmanuel Macron affirme que les Russes \u00ab\u00a0trahiront leur promesse\u00a0\u00bb"},"content":{"rendered":"<p>La journ\u00e9e de dimanche 23 novembre sera riche en discussions autour de la guerre en Ukraine. \u00c0 Gen\u00e8ve, les Ukrainiens et Am\u00e9ricains se r\u00e9uniront pour \u00e9voquer le plan de paix de Donald Trump tandis que des \u00e9changes auront lieu en visio-conf\u00e9rence pour la Coalition des volontaires.<\/p>\n<p>Alors que les <a href=\"https:\/\/www.bfmtv.com\/international\/europe\/ukraine\/l-ukraine-va-entamer-des-consultations-avec-les-americains-sur-un-futur-accord-de-paix-avec-moscou_AD-202511220261.html\" title=\"L&#039;Ukraine va entamer des &quot;consultations&quot; avec les Am\u00e9ricains sur un &quot;futur accord de paix&quot; avec Moscou\" class=\"internal_link\" rel=\"nofollow noopener\" target=\"_blank\">Am\u00e9ricains et les Ukrainiens<\/a> vont se r\u00e9unir \u00e0 Gen\u00e8ve dimanche 23 novembre pour \u00e9voquer le \u00ab\u00a0plan de paix\u00a0\u00bb du pr\u00e9sident am\u00e9ricain, Emmanuel Macron annonce, ce samedi, que les pays de la \u00ab\u00a0Coalition des volontaires\u00a0\u00bb \u00e9changeront par visio-conf\u00e9rence la m\u00eame journ\u00e9e.<\/p>\n<p>Il rappelle \u00e9galement, depuis l&rsquo;Afrique du Sud o\u00f9 il se trouve pour <a href=\"https:\/\/www.bfmtv.com\/international\/peut-etre-la-fin-d-un-cycle-en-afrique-du-sud-pour-le-g20-emmanuel-macron-concede-que-le-sommet-international-a-beaucoup-de-mal-a-regler-les-crises_AD-202511220238.html\" title=\"&quot;Peut-\u00eatre la fin d&#039;un cycle&quot;: en Afrique du Sud pour le G20, Emmanuel Macron conc\u00e8de que le sommet international &quot;a beaucoup de mal \u00e0 r\u00e9gler les crises&quot;\" class=\"internal_link\" rel=\"nofollow noopener\" target=\"_blank\">le G20<\/a>, que \u00ab\u00a0les gens qui vont se r\u00e9unir demain \u00e0 Gen\u00e8ve, ce ne sont que des gens qui veulent la paix\u00a0\u00bb.<\/p>\n<p>\u00ab\u00a0Il ne faut pas se tromper. La tension est avec la Russie, c&rsquo;est <a href=\"https:\/\/www.bfmtv.com\/international\/asie\/russie\/une-periode-critique-pour-la-paix-en-europe-pourquoi-l-armee-s-inquiete-d-un-conflit-avec-la-russie-a-l-horizon-2030_AV-202511210088.html\" title=\"&quot;Une p\u00e9riode critique pour la paix en Europe&quot;: pourquoi l\u2019arm\u00e9e s\u2019inqui\u00e8te d\u2019un conflit avec la Russie &quot;\u00e0 l&#039;horizon 2030&quot;\" class=\"internal_link\" rel=\"nofollow noopener\" target=\"_blank\">la Russie<\/a> qui a d\u00e9clench\u00e9 une guerre d&rsquo;agression. C&rsquo;est la Russie qui, depuis mars, ne veut pas le cessez-le-feu\u00a0\u00bb, ajoute le chef de l&rsquo;\u00c9tat.<\/p>\n<p><img width=\"1\" height=\"1\" class=\"lozad\"  alt=\"Tous les soirs dans Le Titre \u00e0 la Une, d\u00e9couvrez ce qui se cache derri\u00e8re les gros titres. Zacharie Legros vous raconte une histoire, un r\u00e9cit de vie, avec aussi le t\u00e9moignage intime de celles et ceux qui font l'actualit\u00e9.\"\/>Territoires ukrainiens contre non-agression russe: \u00e0 qui profite le plan de paix propos\u00e9 par Trump ?Des conditions pour que \u00ab\u00a0la paix soit acceptable\u00a0\u00bb<\/p>\n<p>Le <a href=\"https:\/\/www.bfmtv.com\/international\/europe\/ukraine\/cessions-de-territoires-otan-reconstruction-ce-que-l-on-sait-sur-le-plan-de-paix-americain-pour-l-ukraine_AD-202511210257.html\" title=\"Cessions de territoires, Otan, arm\u00e9e limit\u00e9e\u2026 Ce que l&#039;on sait sur le plan de paix am\u00e9ricain pour l&#039;Ukraine\" class=\"internal_link\" rel=\"nofollow noopener\" target=\"_blank\">\u00ab\u00a0plan de paix\u00a0\u00bb de Donald Trump<\/a> est un document en 28 points, vu avec une grande inqui\u00e9tude \u00e0 Kiev puisqu&rsquo;il reprend plusieurs exigences cl\u00e9s de la Russie, \u00e0 savoir que l&rsquo;Ukraine lui c\u00e8de des territoires, accepte une r\u00e9duction de la taille de son arm\u00e9e et renonce \u00e0 int\u00e9grer l&rsquo;Otan. Il offre cependant des garanties de s\u00e9curit\u00e9 occidentales \u00e0 Kiev pour pr\u00e9venir toute nouvelle attaque russe.<\/p>\n<p>Emmanuel Macron pr\u00e9cise: \u00ab\u00a0On va faire re-converger ces positions avec tous le m\u00eame but: obtenir la paix, mais pas une paix qui serait pr\u00e9caire, une paix durable pour l&rsquo;Ukraine et les Europ\u00e9ens.\u00a0\u00bb<\/p>\n<p>Il rappelle qu&rsquo;il y a des \u00ab\u00a0conditions\u00a0\u00bb pour que \u00ab\u00a0cette paix soit acceptable, bien que \u00ab\u00a0toute initiative qui va vers la paix est bonne\u00a0\u00bb. Il faut, selon lui, des \u00ab\u00a0\u00e9l\u00e9ments de la dissuasion\u00a0\u00bb.<\/p>\n<p>Sans eux, \u00ab\u00a0les Russes reviendront et trahiront leur promesse. Nous l&rsquo;avons vu \u00e0 plusieurs reprises et notamment en ce qui concerne <a href=\"https:\/\/www.bfmtv.com\/international\/europe\/ukraine\/cartes-guerre-en-ukraine-comment-le-conflit-a-change-de-visage-en-trois-ans_GN-202502240032.html\" title=\"CARTES. Guerre en Ukraine: comment le conflit a chang\u00e9 de visage en trois ans\" class=\"internal_link\" rel=\"nofollow noopener\" target=\"_blank\">l&rsquo;Ukraine en f\u00e9vrier 2022<\/a>\u00ab\u00a0, souligne le pr\u00e9sident fran\u00e7ais, qui estime que la paix \u00ab\u00a0doit commencer par un cessez-le-feu\u00a0\u00bb.<\/p>\n<p>Le pr\u00e9sident de la R\u00e9publique demande \u00e9galement \u00e0 ce que le projet de Donald Trump soit \u00ab\u00a0renforc\u00e9\u00a0\u00bb. \u00ab\u00a0Aucune fronti\u00e8re ne doit \u00eatre modifi\u00e9e par la force et l\u2019Ukraine ne doit jamais \u00eatre vuln\u00e9rable. Toute d\u00e9cision impliquant l\u2019Union europ\u00e9enne ou l\u2019OTAN doit recueillir l\u2019assentiment de leurs membres\u00a0\u00bb, a-t-il notamment \u00e9crit sur X.<\/p>\n<p>\u00ab\u00a0Avec nos partenaires europ\u00e9ens et du G7, nous saluons les efforts des \u00c9tats-Unis pour ramener la paix en Ukraine. Cela montre une chose : tout le monde veut la paix, sauf la Russie qui continue obstin\u00e9ment de bombarder l\u2019Ukraine\u00a0\u00bb, a \u00e9galement r\u00e9agi le chef de l&rsquo;\u00c9tat sur son compte X.<\/p>\n<p>Une r\u00e9ponse avant le 27 novembre<\/p>\n<p>Le pr\u00e9sident ukrainien <a href=\"https:\/\/www.bfmtv.com\/international\/europe\/ukraine\/un-choix-tres-difficile-volodymyr-zelensky-estime-que-l-ukraine-risque-de-perdre-le-soutien-americain-a-cause-du-plan-sur-la-guerre_AD-202511210714.html\" title=\"&quot;Un choix tr\u00e8s difficile&quot;: Volodymyr Zelensky estime que l&#039;Ukraine risque de perdre le soutien am\u00e9ricain \u00e0 cause du plan sur la guerre\" class=\"internal_link\" rel=\"nofollow noopener\" target=\"_blank\">Volodymyr Zelensky<\/a> a, lui aussi, repouss\u00e9 vendredi ce plan, que Donald Trump et Vladimir Poutine le pressent d&rsquo;accepter, assurant qu&rsquo;il allait proposer des \u00ab\u00a0alternatives\u00a0\u00bb aux Am\u00e9ricains.<\/p>\n<p><img decoding=\"async\" src=\"https:\/\/www.europesays.com\/fr\/wp-content\/uploads\/2025\/05\/principale-24_1.png\"  alt=\"Une rencontre entre Poutine et Zelensky peut-elle aboutir \u00e0 un accord de paix?\" title=\"Une rencontre entre Poutine et Zelensky peut-elle aboutir \u00e0 un accord de paix?\"\/>Une rencontre entre Poutine et Zelensky peut-elle aboutir \u00e0 un accord de paix?<\/p>\n<p>Les pourparlers avec les \u00c9tats-Unis seront men\u00e9s par son bras droit, le chef de la pr\u00e9sidence Andri\u00ef Iermak, et comprendra entre autres secr\u00e9taire du Conseil de s\u00e9curit\u00e9 ukrainien, Roustem Oumerov, les chefs des services de s\u00e9curit\u00e9 et de renseignement et le chef d&rsquo;\u00e9tat-major. Soit une d\u00e9l\u00e9gation essentiellement militaire.<\/p>\n<p><a href=\"https:\/\/www.bfmtv.com\/international\/amerique-nord\/etats-unis\/a-un-moment-donne-il-va-devoir-accepter-quelque-chose-donald-trump-presse-volodymyr-zelensky-d-accepter-a-son-plan-de-paix_AV-202511210959.html\" title=\"&quot;\u00c0 un moment donn\u00e9, il va devoir accepter quelque chose&quot;: Donald Trump presse Volodymyr Zelensky d&#039;accepter son plan de paix\" class=\"internal_link\" rel=\"nofollow noopener\" target=\"_blank\">Donald Trump a donn\u00e9 jusqu&rsquo;au 27 novembre<\/a>, jour de la f\u00eate de Thanksgiving, \u00e0 Volodymyr Zelensky pour donner sa r\u00e9ponse aux solutions propos\u00e9es. \u00ab\u00a0Il faudra bien que (ce plan, NDLR) lui plaise, et si cela ne lui pla\u00eet pas, alors, vous savez, ils n&rsquo;auront qu&rsquo;\u00e0 continuer \u00e0 se battre\u00a0\u00bb, a lanc\u00e9 le dirigeant am\u00e9ricain.<\/p>\n","protected":false},"excerpt":{"rendered":"La journ\u00e9e de dimanche 23 novembre sera riche en discussions autour de la guerre en Ukraine. \u00c0 Gen\u00e8ve,&hellip;\n","protected":false},"author":2,"featured_media":552405,"comment_status":"","ping_status":"","sticky":false,"template":"","format":"standard","meta":{"footnotes":""},"categories":[1591],"tags":[11,1887,12,1885,1886,132],"class_list":{"0":"post-552404","1":"post","2":"type-post","3":"status-publish","4":"format-standard","5":"has-post-thumbnail","7":"category-russie","8":"tag-actualites","9":"tag-federation-de-russie","10":"tag-news","11":"tag-russia","12":"tag-russian-federation","13":"tag-russie"},"share_on_mastodon":{"url":"https:\/\/pubeurope.com\/@fr\/115596354962552731","error":""},"_links":{"self":[{"href":"https:\/\/www.europesays.com\/fr\/wp-json\/wp\/v2\/posts\/552404","targetHints":{"allow":["GET"]}}],"collection":[{"href":"https:\/\/www.europesays.com\/fr\/wp-json\/wp\/v2\/posts"}],"about":[{"href":"https:\/\/www.europesays.com\/fr\/wp-json\/wp\/v2\/types\/post"}],"author":[{"embeddable":true,"href":"https:\/\/www.europesays.com\/fr\/wp-json\/wp\/v2\/users\/2"}],"replies":[{"embeddable":true,"href":"https:\/\/www.europesays.com\/fr\/wp-json\/wp\/v2\/comments?post=552404"}],"version-history":[{"count":0,"href":"https:\/\/www.europesays.com\/fr\/wp-json\/wp\/v2\/posts\/552404\/revisions"}],"wp:featuredmedia":[{"embeddable":true,"href":"https:\/\/www.europesays.com\/fr\/wp-json\/wp\/v2\/media\/552405"}],"wp:attachment":[{"href":"https:\/\/www.europesays.com\/fr\/wp-json\/wp\/v2\/media?parent=552404"}],"wp:term":[{"taxonomy":"category","embeddable":true,"href":"https:\/\/www.europesays.com\/fr\/wp-json\/wp\/v2\/categories?post=552404"},{"taxonomy":"post_tag","embeddable":true,"href":"https:\/\/www.europesays.com\/fr\/wp-json\/wp\/v2\/tags?post=552404"}],"curies":[{"name":"wp","href":"https:\/\/api.w.org\/{rel}","templated":true}]}}