{"id":552408,"date":"2025-11-23T01:13:21","date_gmt":"2025-11-23T01:13:21","guid":{"rendered":"https:\/\/www.europesays.com\/fr\/552408\/"},"modified":"2025-11-23T01:13:21","modified_gmt":"2025-11-23T01:13:21","slug":"linde-pays-strategique-pour-israel-va-devenir-un-pole-economique-dominant-rivalisant-avec-les-usa","status":"publish","type":"post","link":"https:\/\/www.europesays.com\/fr\/552408\/","title":{"rendered":"L&rsquo;Inde, pays strat\u00e9gique pour Isra\u00ebl, va devenir un p\u00f4le \u00e9conomique dominant, rivalisant avec les USA."},"content":{"rendered":"<p>Au cours des 25 prochaines ann\u00e9es, le monde sera transform\u00e9 par des mutations d\u00e9mographiques profondes. C\u2019est ce que souligne Bruno Tertrais, dans son rapport Choc d\u00e9mographique et choc des empires : quel monde en 2050, diffus\u00e9 par l\u2019Institut Diderot. Selon ce politologue, directeur adjoint \u00e0 la Fondation pour la Recherche Strat\u00e9gique et auteur du livre \u00ab Le Choc D\u00e9mographique \u00bb, la d\u00e9mographie va devenir un facteur d\u00e9cisif de r\u00e9\u00e9quilibrage des forces g\u00e9opolitiques et \u00e9conomiques.<\/p>\n<p>Les \u00c9tats-Unis se d\u00e9marqueront comme une puissance r\u00e9siliente dans ce nouveau contexte. Port\u00e9s par une immigration continue et un taux de f\u00e9condit\u00e9 relativement stable, les \u00c9tats-Unis approcheront les 380 millions d\u2019habitants en 2050, contre 335 millions en 2024. Leur dynamisme d\u00e9mographique restera un atout crucial pour maintenir leur position de leader mondial, notamment face \u00e0 des rivaux vieillissants comme la Chine. La capacit\u00e9 am\u00e9ricaine \u00e0 attirer des talents et de la main-d\u2019\u0153uvre, tout en renouvelant leur population active, renforcera leur avance sur la sc\u00e8ne internationale.<\/p>\n<p>En Europe, les perspectives sont plus sombres. Ainsi, la France, malgr\u00e9 un taux de f\u00e9condit\u00e9 plus \u00e9lev\u00e9 que ses voisins, verra sa population plafonner autour de 68 millions d\u2019habitants. Cela entra\u00eenera des d\u00e9fis \u00e9conomiques consid\u00e9rables, avec une pression accrue sur les syst\u00e8mes de retraite et de protection sociale. En revanche, l\u2019Allemagne, elle, sera confront\u00e9e \u00e0 une contraction d\u00e9mographique significative, notamment en raison de sa faible natalit\u00e9 et de son vieillissement acc\u00e9l\u00e9r\u00e9. Cette baisse de la population active affaiblira la locomotive \u00e9conomique de l\u2019Europe, compromettant son influence internationale.<\/p>\n<p>Le Japon, autrefois l\u2019une des plus grandes puissances mondiales, continuera de s\u2019enfoncer dans une crise d\u00e9mographique. En 2050, sa population aura encore diminu\u00e9, et sans une politique migratoire plus ouverte, le pays pourrait voir son \u00e9conomie stagner. Malgr\u00e9 son expertise technologique, le Japon devra repenser ses priorit\u00e9s pour s\u2019adapter \u00e0 cette nouvelle r\u00e9alit\u00e9.<\/p>\n<p>La Chine, apr\u00e8s une longue p\u00e9riode de miracle \u00e9conomique, subira elle aussi un vieillissement rapide. Selon les projections de Tertrais, sa population tombera \u00e0 environ 1,2 milliard d\u2019habitants. Ce d\u00e9clin d\u00e9mographique freinera ses ambitions h\u00e9g\u00e9moniques et limitera sa capacit\u00e9 \u00e0 rivaliser \u00e9conomiquement avec les \u00c9tats-Unis et l\u2019Inde. L\u2019Empire du Milieu devra composer avec une population vieillissante avant d\u2019atteindre la prosp\u00e9rit\u00e9 souhait\u00e9e.<\/p>\n<p>Dans cette recomposition mondiale, c\u2019est l\u2019Inde qui s\u2019imposera comme la plus grande puissance d\u00e9mographique, avec 1,6 milliard d\u2019habitants. Gr\u00e2ce \u00e0 une population jeune, elle b\u00e9n\u00e9ficiera d\u2019un avantage strat\u00e9gique majeur. Si elle parvient \u00e0 d\u00e9velopper ses infrastructures et son syst\u00e8me \u00e9ducatif, l\u2019Inde pourrait devenir un p\u00f4le \u00e9conomique dominant, rivalisant avec les \u00c9tats-Unis.<\/p>\n<p>L\u2019Afrique, quant \u00e0 elle, repr\u00e9sentera un autre foyer de croissance d\u00e9mographique. Des pays comme le Nigeria, avec plus de 350 millions d\u2019habitants, joueront un r\u00f4le central dans la dynamique mondiale. Toutefois, cette explosion d\u00e9mographique exigera des r\u00e9formes structurelles pour tirer profit de ce potentiel tout en \u00e9vitant l\u2019instabilit\u00e9.<\/p>\n<p>Ainsi, en 2050, comme le pr\u00e9voit Bruno Tertrais dans Le Choc d\u00e9mographique, nous verrons un basculement du pouvoir mondial vers les r\u00e9gions d\u00e9mographiquement dynamiques, avec des cons\u00e9quences \u00e9conomiques et g\u00e9ostrat\u00e9giques massives. En plus des \u00c9tats-Unis, l\u2019Inde et l\u2019Afrique \u00e9mergeront en effet comme les nouveaux centres de gravit\u00e9, tandis que les puissances vieillissantes comme la Chine, le Japon et l\u2019Europe devront adapter leurs ambitions \u00e0 la r\u00e9alit\u00e9 d\u2019une population en d\u00e9clin.<\/p>\n<p>XERFI<\/p>\n","protected":false},"excerpt":{"rendered":"Au cours des 25 prochaines ann\u00e9es, le monde sera transform\u00e9 par des mutations d\u00e9mographiques profondes. C\u2019est ce que&hellip;\n","protected":false},"author":2,"featured_media":552409,"comment_status":"","ping_status":"","sticky":false,"template":"","format":"standard","meta":{"footnotes":""},"categories":[1589],"tags":[11,73,1866,12,1864,1865,1863,308],"class_list":{"0":"post-552408","1":"post","2":"type-post","3":"status-publish","4":"format-standard","5":"has-post-thumbnail","7":"category-etats-unis","8":"tag-actualites","9":"tag-etats-unis","10":"tag-etats-unis-damerique","11":"tag-news","12":"tag-united-states","13":"tag-united-states-of-america","14":"tag-us","15":"tag-usa"},"share_on_mastodon":{"url":"https:\/\/pubeurope.com\/@fr\/115596362041071662","error":""},"_links":{"self":[{"href":"https:\/\/www.europesays.com\/fr\/wp-json\/wp\/v2\/posts\/552408","targetHints":{"allow":["GET"]}}],"collection":[{"href":"https:\/\/www.europesays.com\/fr\/wp-json\/wp\/v2\/posts"}],"about":[{"href":"https:\/\/www.europesays.com\/fr\/wp-json\/wp\/v2\/types\/post"}],"author":[{"embeddable":true,"href":"https:\/\/www.europesays.com\/fr\/wp-json\/wp\/v2\/users\/2"}],"replies":[{"embeddable":true,"href":"https:\/\/www.europesays.com\/fr\/wp-json\/wp\/v2\/comments?post=552408"}],"version-history":[{"count":0,"href":"https:\/\/www.europesays.com\/fr\/wp-json\/wp\/v2\/posts\/552408\/revisions"}],"wp:featuredmedia":[{"embeddable":true,"href":"https:\/\/www.europesays.com\/fr\/wp-json\/wp\/v2\/media\/552409"}],"wp:attachment":[{"href":"https:\/\/www.europesays.com\/fr\/wp-json\/wp\/v2\/media?parent=552408"}],"wp:term":[{"taxonomy":"category","embeddable":true,"href":"https:\/\/www.europesays.com\/fr\/wp-json\/wp\/v2\/categories?post=552408"},{"taxonomy":"post_tag","embeddable":true,"href":"https:\/\/www.europesays.com\/fr\/wp-json\/wp\/v2\/tags?post=552408"}],"curies":[{"name":"wp","href":"https:\/\/api.w.org\/{rel}","templated":true}]}}