{"id":552412,"date":"2025-11-23T01:15:23","date_gmt":"2025-11-23T01:15:23","guid":{"rendered":"https:\/\/www.europesays.com\/fr\/552412\/"},"modified":"2025-11-23T01:15:23","modified_gmt":"2025-11-23T01:15:23","slug":"le-vietnam-dialogue-2025-dynamise-la-cooperation-economique-vietnam-allemagne","status":"publish","type":"post","link":"https:\/\/www.europesays.com\/fr\/552412\/","title":{"rendered":"Le \u00abVietnam Dialogue 2025\u00bb dynamise la coop\u00e9ration \u00e9conomique Vietnam &#8211; Allemagne"},"content":{"rendered":"<p>&#13;<br \/>\n                        Le \u00abVietnam Dialogue 2025\u00bb dynamise la coop\u00e9ration \u00e9conomique Vietnam &#8211; Allemagne &#8211; Europe&#13;\n                    <\/p>\n<p style=\"text-align:\">Le forum \u00abVietnam Dialogue 2025\u00bb, organis\u00e9 le week-end dernier \u00e0 Francfort-sur-le-Main, a attir\u00e9 de nombreux experts et universitaires allemands et vietnamiens, ainsi que plusieurs grands groupes europ\u00e9ens dans les secteurs de la technologie, de la finance et de l\u2019\u00e9nergie.<\/p>\n<p><a href=\"https:\/\/lecourrier.vn\/dialogue-theorique-entre-le-parti-communiste-du-vietnam-et-le-parti-social-democrate-allemand\/1294119.html\" title=\"Dialogue th\u00e9orique entre le Parti communiste du Vietnam et le Parti social-d\u00e9mocrate allemand\" rel=\"nofollow noopener\" target=\"_blank\">&gt;&gt; Dialogue th\u00e9orique entre le Parti communiste du Vietnam et le Parti social-d\u00e9mocrate allemand<\/a><\/p>\n<p><a href=\"https:\/\/lecourrier.vn\/le-vietnam-participe-au-quatrieme-forum-ministeriel-ue-indopacifique\/1295910.html\" title=\"Le Vietnam participe au quatri\u00e8me Forum minist\u00e9riel UE - Indopacifique\" rel=\"nofollow noopener\" target=\"_blank\">&gt;&gt; Le Vietnam participe au quatri\u00e8me Forum minist\u00e9riel UE &#8211; Indopacifique<\/a><\/p>\n<p style=\"text-align:left\">L\u2019\u00e9v\u00e9nement, organis\u00e9 par Vietnam Advisors et soutenu par l\u2019Association des entreprises allemandes en Asie-Pacifique (OAV), s\u2019est tenu \u00e0 un moment particuli\u00e8rement significatif, alors que l\u2019Allemagne et le Vietnam c\u00e9l\u00e8brent le 50\u1d49 anniversaire de l\u2019\u00e9tablissement de leurs relations diplomatiques (1975-2025).<\/p>\n<tr>\n<td class=\"pic\"><img decoding=\"async\" class=\"lazyload\" src=\"https:\/\/www.europesays.com\/fr\/wp-content\/uploads\/2025\/11\/063419-ts.jpg\" alt=\"\"\/><\/td>\n<\/tr>\n<tr>\n<td class=\"caption\">Lors du Dialogue.\u00a0<\/td>\n<\/tr>\n<tr align=\"right\">\n<td class=\"author\">Photo : VNA\/CVN<\/td>\n<\/tr>\n<p style=\"text-align:left\">Le \u00abVietnam Dialogue\u00bb de cette ann\u00e9e s\u2019est concentr\u00e9 sur quatre grands th\u00e8mes : les relations Vietnam &#8211; Allemagne &#8211; UE ; le r\u00f4le du Vietnam en tant que nouveau hub technologique mondial \u00e9mergent ; la transition verte et les opportunit\u00e9s d\u2019investissement pour les entreprises europ\u00e9ennes ; ainsi que le potentiel du Vietnam en tant que centre financier r\u00e9gional.<\/p>\n<p style=\"text-align:left\">L\u2019\u00e9v\u00e9nement est consid\u00e9r\u00e9 comme l\u2019un des principaux forums de dialogue \u00e9conomique entre le Vietnam et l\u2019Europe, offrant un espace de connexion important entre les d\u00e9cideurs politiques, la communaut\u00e9 des entreprises et les investisseurs internationaux en qu\u00eate d\u2019opportunit\u00e9s au Vietnam.<\/p>\n<p style=\"text-align:left\">Dans son allocution d\u2019ouverture, l\u2019ambassadeur du Vietnam en Allemagne, Nguyen Dac Thanh, a affirm\u00e9 : \u00ab Le Vietnam Dialogue 2025 constitue un pont reliant les diplomates, responsables politiques, universitaires et dirigeants d\u2019entreprises du Vietnam et de l\u2019Europe \u00bb.<\/p>\n<p style=\"text-align:left\">L\u2019Allemagne est un principal partenaire commercial du Vietnam en Europe, tandis que le Vietnam est le plus grand partenaire commercial de l\u2019Allemagne en Asie du Sud-Est et son sixi\u00e8me partenaire en Asie. Les entreprises allemandes se classent actuellement au 18\u1d49 rang parmi 151 pays et territoires investissant au Vietnam, avec un capital total enregistr\u00e9 de 2,9 milliards de dollars. Au total, 530 entreprises allemandes op\u00e8rent actuellement au Vietnam. Plus r\u00e9cemment, en novembre de cette ann\u00e9e, le Bundestag allemand a approuv\u00e9 l\u2019Accord de protection des investissements UE\u2013Vietnam (EVIPA), soulignant ainsi l\u2019engagement politique en faveur d\u2019un environnement d\u2019investissement stable et favorable au Vietnam.<\/p>\n<p style=\"text-align:left\">Almut R\u00f6\u00dfner, directrice g\u00e9n\u00e9rale de l\u2019Association des entreprises allemandes en Asie\u2013Pacifique (OAV), a partag\u00e9 que le partenariat strat\u00e9gique Allemagne\u2013Vietnam, en particulier dans le domaine \u00e9conomique, conna\u00eet une dynamique de d\u00e9veloppement sans pr\u00e9c\u00e9dent. Selon elle, le gouvernement f\u00e9d\u00e9ral allemand soutient fermement l\u2019ambition du Vietnam d\u2019atteindre la neutralit\u00e9 carbone d\u2019ici 2050. La technologie et l\u2019expertise allemandes dans le domaine des \u00e9nergies renouvelables, de la stabilisation du r\u00e9seau \u00e0 la stockage de l\u2019\u00e9nergie, peuvent apporter une contribution essentielle \u00e0 cet objectif.<\/p>\n<p style=\"text-align:right\"><b>VNA\/CVN<\/b><\/p>\n","protected":false},"excerpt":{"rendered":"&#13; Le \u00abVietnam Dialogue 2025\u00bb dynamise la coop\u00e9ration \u00e9conomique Vietnam &#8211; Allemagne &#8211; Europe&#13; Le forum \u00abVietnam Dialogue&hellip;\n","protected":false},"author":2,"featured_media":552413,"comment_status":"","ping_status":"","sticky":false,"template":"","format":"standard","meta":{"footnotes":""},"categories":[1587],"tags":[11,672,1804,10464,1805,1803,1777,674,1801,12,1802,951,66968],"class_list":{"0":"post-552412","1":"post","2":"type-post","3":"status-publish","4":"format-standard","5":"has-post-thumbnail","7":"category-allemagne","8":"tag-actualites","9":"tag-allemagne","10":"tag-bundesrepublik-deutschland","11":"tag-cooperation-economique","12":"tag-de","13":"tag-deutschland","14":"tag-eu","15":"tag-europe","16":"tag-germany","17":"tag-news","18":"tag-republique-federale-dallemagne","19":"tag-vietnam","20":"tag-vietnam-dialogue-2025"},"share_on_mastodon":{"url":"https:\/\/pubeurope.com\/@fr\/115596370490083578","error":""},"_links":{"self":[{"href":"https:\/\/www.europesays.com\/fr\/wp-json\/wp\/v2\/posts\/552412","targetHints":{"allow":["GET"]}}],"collection":[{"href":"https:\/\/www.europesays.com\/fr\/wp-json\/wp\/v2\/posts"}],"about":[{"href":"https:\/\/www.europesays.com\/fr\/wp-json\/wp\/v2\/types\/post"}],"author":[{"embeddable":true,"href":"https:\/\/www.europesays.com\/fr\/wp-json\/wp\/v2\/users\/2"}],"replies":[{"embeddable":true,"href":"https:\/\/www.europesays.com\/fr\/wp-json\/wp\/v2\/comments?post=552412"}],"version-history":[{"count":0,"href":"https:\/\/www.europesays.com\/fr\/wp-json\/wp\/v2\/posts\/552412\/revisions"}],"wp:featuredmedia":[{"embeddable":true,"href":"https:\/\/www.europesays.com\/fr\/wp-json\/wp\/v2\/media\/552413"}],"wp:attachment":[{"href":"https:\/\/www.europesays.com\/fr\/wp-json\/wp\/v2\/media?parent=552412"}],"wp:term":[{"taxonomy":"category","embeddable":true,"href":"https:\/\/www.europesays.com\/fr\/wp-json\/wp\/v2\/categories?post=552412"},{"taxonomy":"post_tag","embeddable":true,"href":"https:\/\/www.europesays.com\/fr\/wp-json\/wp\/v2\/tags?post=552412"}],"curies":[{"name":"wp","href":"https:\/\/api.w.org\/{rel}","templated":true}]}}