{"id":552415,"date":"2025-11-23T01:17:25","date_gmt":"2025-11-23T01:17:25","guid":{"rendered":"https:\/\/www.europesays.com\/fr\/552415\/"},"modified":"2025-11-23T01:17:25","modified_gmt":"2025-11-23T01:17:25","slug":"nagui-repond-aux-critiques-suscitees-par-cette-nouvelle-regle-controversee-des-masters-de-noubliez-pas-les-paroles","status":"publish","type":"post","link":"https:\/\/www.europesays.com\/fr\/552415\/","title":{"rendered":"Nagui r\u00e9pond aux critiques suscit\u00e9es par cette nouvelle r\u00e8gle controvers\u00e9e des Masters de N&rsquo;oubliez pas les paroles"},"content":{"rendered":"<p>Ce samedi 22 novembre 2025, lors de la grande finale des Masters de N&rsquo;oubliez pas les paroles, Nagui a \u00e9voqu\u00e9 le changement de r\u00e8gles de cette \u00e9dition, en r\u00e9pondant notamment aux critiques et aux \u00ab\u00a0d\u00e9bats\u00a0\u00bb que cela a pu susciter.<\/p>\n<p>Les fans de N&rsquo;oubliez pas les paroles ont \u00e9videmment not\u00e9 la date dans leur agenda : ce samedi 22 novembre 2025 marquait la grande finale, en premi\u00e8re et deuxi\u00e8me parties de soir\u00e9e, <a href=\"https:\/\/www.programme-tv.net\/news\/tv\/392427-arsene-n-oubliez-pas-les-paroles-fait-une-grande-annonce-pour-la-finale-des-masters-j-appuierai-sur-le-bouton\/\" data-api-deeplink=\"teleloisirs:\/\/news\/392427\" target=\"_blank\" rel=\"noopener\">des Masters de N&rsquo;oubliez pas les paroles<\/a>. Une \u00e9dition qui a r\u00e9uni, comme de coutume, les anciens Maestros embl\u00e9matiques du karaok\u00e9 g\u00e9ant de France 2, dont Laurens et Margaux, en t\u00eate du classement des meilleurs candidats de l&rsquo;histoire du jeu. Au cours de la soir\u00e9e, Nagui a exprim\u00e9 son sentiment concernant l&rsquo;\u00e9volution qu&rsquo;a prise <a href=\"https:\/\/www.programme-tv.net\/news\/tv\/389114-on-a-tout-change-nagui-explique-les-nouvelles-regles-des-masters-2025-de-n-oubliez-pas-les-paroles\/\" data-api-deeplink=\"teleloisirs:\/\/news\/389114\" target=\"_blank\" rel=\"noopener\">cette comp\u00e9tition d\u00e9riv\u00e9e de son \u00e9mission musicale quotidienne<\/a>.\u00a0\u00bbVous direz ce que vous voudrez mais moi, j&rsquo;ai ador\u00e9 cette nouvelle formule. Je ne sais pas de l&rsquo;int\u00e9rieur\u2026 J&rsquo;imagine qu&rsquo;il y a eu des hauts, des bas et beaucoup de d\u00e9bats sur l&rsquo;\u00e9galit\u00e9 \u00e0 un point qui a fait discuter\u00a0\u00bb, a-t-il d&rsquo;abord d\u00e9clar\u00e9.<\/p>\n<p>Une remarque qui fait r\u00e9f\u00e9rence \u00e0 <a href=\"https:\/\/www.programme-tv.net\/news\/tv\/391911-ils-sont-tous-venus-me-voir-nagui-n-oubliez-pas-les-paroles-face-aux-revendications-de-plusieurs-maestros-durant-les-masters\/\" data-api-deeplink=\"teleloisirs:\/\/news\/391911\" target=\"_blank\" rel=\"noopener\">un point du r\u00e8glement des Masters de N&rsquo;oubliez pas les paroles<\/a> qui a chang\u00e9 et qui s&rsquo;inspire du fonctionnement de la Ligue des champions de football : les 32 candidats r\u00e9partis en quatre chapeaux de huit, selon leur classement, s&rsquo;affrontent avec un bar\u00e8me de 3 points pour une victoire, 1 pour un nul\/\u00e9galit\u00e9 et 0 pour une d\u00e9faite. Les six candidats ayant r\u00e9uni le plus de points remportent leur ticket pour la suite de la comp\u00e9tition. Mais cette r\u00e8gle n&rsquo;aurait pas tellement \u00e9t\u00e9 appr\u00e9ci\u00e9e des Maestros, qui ne la trouvent pas forc\u00e9ment tr\u00e8s juste. Pourquoi, apr\u00e8s avoir interpr\u00e9t\u00e9 parfaitement une chanson, devraient-ils se contenter d&rsquo;un seul point au lieu de 3, \u00e0 cause de la performance de leur rival ? \u00ab\u00a0Ils sont tous venus me voir en disant &lsquo;si on comprend bien, on est tous les deux tr\u00e8s bons, on va tous les deux au bout de toutes les chansons et on a commis aucune erreur, ni l&rsquo;un, ni l&rsquo;autre et on n&rsquo;a qu&rsquo;un point&rsquo;. C&rsquo;est \u00e7a le vrai probl\u00e8me ?\u00a0\u00bb, avait d\u00e9j\u00e0 r\u00e9agi Nagui il y a dix jours sur le plateau de N&rsquo;oubliez pas les paroles.<\/p>\n<p>            Nagui persiste et signe : la r\u00e8gle de l&rsquo;\u00e9galit\u00e9 \u00e0 un point reste !<\/p>\n<p>\u00ab\u00a0Mais c&rsquo;est comme \u00e7a dans les r\u00e8gles du foot donc on a respect\u00e9 la m\u00eame r\u00e8gle. Nous, spectateurs, le kif qu&rsquo;on a eu, c&rsquo;est d&rsquo;avoir quatre matchs par Maestro \u00e0 chaque fois, dans tous les sens, que ce soit en premier choix ou en second choix. C&rsquo;\u00e9tait l&rsquo;avantage\u00a0\u00bb, a-t-il donc encore assum\u00e9 lors de la grande finale, sans avoir aucunement l&rsquo;intention de changer ce point du r\u00e8glement, malgr\u00e9 les protestations de certains candidats.<\/p>\n","protected":false},"excerpt":{"rendered":"Ce samedi 22 novembre 2025, lors de la grande finale des Masters de N&rsquo;oubliez pas les paroles, Nagui&hellip;\n","protected":false},"author":2,"featured_media":552416,"comment_status":"","ping_status":"","sticky":false,"template":"","format":"standard","meta":{"footnotes":""},"categories":[1586],"tags":[11,244,1777,674,1779,1011,27,594,60444,22678,31009,10477,12,25,1778,364,1630],"class_list":{"0":"post-552415","1":"post","2":"type-post","3":"status-publish","4":"format-standard","5":"has-post-thumbnail","7":"category-europe","8":"tag-actualites","9":"tag-commentaire","10":"tag-eu","11":"tag-europe","12":"tag-european-union","13":"tag-fr","14":"tag-france","15":"tag-france-2","16":"tag-les-masters-de-noubliez-pas-les-paroles","17":"tag-maestro","18":"tag-noubliez-pas-les-paroles","19":"tag-nagui","20":"tag-news","21":"tag-republique-francaise","22":"tag-ue","23":"tag-union-europeenne","24":"tag-zapping"},"share_on_mastodon":{"url":"https:\/\/pubeurope.com\/@fr\/115596377719161209","error":""},"_links":{"self":[{"href":"https:\/\/www.europesays.com\/fr\/wp-json\/wp\/v2\/posts\/552415","targetHints":{"allow":["GET"]}}],"collection":[{"href":"https:\/\/www.europesays.com\/fr\/wp-json\/wp\/v2\/posts"}],"about":[{"href":"https:\/\/www.europesays.com\/fr\/wp-json\/wp\/v2\/types\/post"}],"author":[{"embeddable":true,"href":"https:\/\/www.europesays.com\/fr\/wp-json\/wp\/v2\/users\/2"}],"replies":[{"embeddable":true,"href":"https:\/\/www.europesays.com\/fr\/wp-json\/wp\/v2\/comments?post=552415"}],"version-history":[{"count":0,"href":"https:\/\/www.europesays.com\/fr\/wp-json\/wp\/v2\/posts\/552415\/revisions"}],"wp:featuredmedia":[{"embeddable":true,"href":"https:\/\/www.europesays.com\/fr\/wp-json\/wp\/v2\/media\/552416"}],"wp:attachment":[{"href":"https:\/\/www.europesays.com\/fr\/wp-json\/wp\/v2\/media?parent=552415"}],"wp:term":[{"taxonomy":"category","embeddable":true,"href":"https:\/\/www.europesays.com\/fr\/wp-json\/wp\/v2\/categories?post=552415"},{"taxonomy":"post_tag","embeddable":true,"href":"https:\/\/www.europesays.com\/fr\/wp-json\/wp\/v2\/tags?post=552415"}],"curies":[{"name":"wp","href":"https:\/\/api.w.org\/{rel}","templated":true}]}}