{"id":552419,"date":"2025-11-23T01:19:10","date_gmt":"2025-11-23T01:19:10","guid":{"rendered":"https:\/\/www.europesays.com\/fr\/552419\/"},"modified":"2025-11-23T01:19:10","modified_gmt":"2025-11-23T01:19:10","slug":"les-bleus-sur-leur-fin-rugbyrama","status":"publish","type":"post","link":"https:\/\/www.europesays.com\/fr\/552419\/","title":{"rendered":"Les Bleus sur leur fin &#8211; Rugbyrama"},"content":{"rendered":"<ol>\n<li><a href=\"https:\/\/news.google.com\/rss\/articles\/CBMi-gFBVV95cUxNbTlxc0VveEhhVWRSd0pCU2taeG9QYzNiank2RUk5d1pRckwwbTBOMkhfc2N3RlBEVWZPTjI1U0sxejZOVVZ6d25GeVk1d0NYYnEzSXo5cFVWM3BMS2ZBeFdxNi1saUx6OHN3SXB6STlxcl9UbTZiM1NyTGNiQkVsenFRZC1jdmd4NHotTzlEeWZIeHFwdnhxSktPc3RxczlfNVZtaWR2UThzZktDOEJBc0FvckQydmlLUEdmWTVqWDdGaTdYZUpVdWE4YXFmeXVXazB5ZHNRYkMwZVBqR3hHTmFPblhfTVN3RmtyR0U3VmtDX0ZUNHR6U29B?oc=5\" target=\"_blank\" rel=\"nofollow noopener\">Les Bleus sur leur fin<\/a>&nbsp;&nbsp;Rugbyrama<\/li>\n<li><a href=\"https:\/\/news.google.com\/rss\/articles\/CBMi6AFBVV95cUxQV0xCa0p0OW5kSFNpSkh0TlFEX2FJQTZwX2QzWWtrUHJ6RXhhaXMwa3kzTjVVaFFxSDhRbXhkZ19mX3JiMEhWOUtPWjVWUjN4em1aUFRxSG5OSTNoZ1Y0LXgySVYxQUl2Sms2ZjVlY19fUHhfTUYtZ3kzel9zWEdybHc0aTgzZDVWS0ZTOGp6X0czTFk4VmRNUTdxYndOaGF4akpsd0ZMVUZTZWhpYXZpYmhtYWxqMHBFYm9yM0JYYkQwdmNKaGlfVzgyMWczRERHbmh3d3ByUWhHRGpSVS1RM2hSRGJtZnZx?oc=5\" target=\"_blank\" rel=\"nofollow noopener\">La France s&rsquo;impose face \u00e0 l&rsquo;Australie et termine sa tourn\u00e9e sur une note positive<\/a>&nbsp;&nbsp;L&rsquo;\u00c9quipe<\/li>\n<li><a href=\"https:\/\/news.google.com\/rss\/articles\/CBMingJBVV95cUxQeEFtQU5RMG1RNGMtdUJMV1NqT01CUU1rSGdLNnFkTXZfQmJjaWFpY0lUZVRUamdieFJNcDlSdXdfNnNKMUlPZElkT3F2akhOcWNMX2dieExQZUExWjlTdUtXUHg3cGlCR2szNkdmMy1oVHIzOE9UYUFtM0xjZV82T2tlcGN0UjNHMl9FUUpvNGIzWTlHcXhIcnZEOTRtRGRmbXJkSVpOU0J3ZTlxM0l4T2ZvdWdhellsNzZpRzE4a2ZFSDJBTTQ1NTZXS1pwM3dnSzI0OUJXNm9TSmpZU3JHQ1E5R1JfOVBONnVtdVpQVDhjN2Z4cVprUEg2VlZxbjNGLUtONkF2Vl9feTFNTUk2YzJXVnZ0OWRDUTM4czBB?oc=5\" target=\"_blank\" rel=\"nofollow noopener\">Le XV de France termine l\u2019ann\u00e9e par une victoire contre l\u2019Australie mais ne rassure pas : \u00ab On est moins forts qu\u2019il y a quatre ans \u00bb<\/a>&nbsp;&nbsp;Le Monde.fr<\/li>\n<li><a href=\"https:\/\/news.google.com\/rss\/articles\/CBMiwwFBVV95cUxQTjBEMmZjZDJEWGpWb0Z0VDBrd0kwb3ZuejZqUEZtRWhxQW5LTDI0bWx0dHd5a0N0V00xZnZhMU9JVHUxcDE2d0gzQU9UQ0g3S3l3VmdOcTc4YWN1WXM5ZEl4RVNpVmdCUVpCbzRtOC00NVdMS1NlNUhXdktDUUI1NlRrOFUyMkRyblVpcUZBM1FPZzNUOEJrak12aEpjbFNnemwwMUk1VGRDWF95allqX3BKdHh0YWR0dFEtSEpfaVpwZXc?oc=5\" target=\"_blank\" rel=\"nofollow noopener\">Fabien Galthi\u00e9 : \u00abSi je compare \u00e0 il y a quatre ans, on est moins fort\u2026\u00bb<\/a>&nbsp;&nbsp;Le Figaro<\/li>\n<li><a href=\"https:\/\/news.google.com\/rss\/articles\/CBMi_gFBVV95cUxOMng5WU82MklKcGE2SkZVaWNwbzZHdDc1S0Z6T0Z1X1VxWVdUc3dEN1NsdS1qTjBwZmJBd1lDM3ZyMnZGN21ZclZQZWFCTmladlp5SkoxX25UaVU3U0JmQmQ1MHEwdGRaaFRtNnBQekJPclFhV2JxNFYteFlaaUtQd1JaZnJuZkhNeVc3cjdMd0JDT1ZtWU9TUUZ0U0l5Mjl5MVVyaWVrTDI2QUU0a3FOdHVmaXNSdFhVbnI4clh3UFF1QlNkY1poY1R4OVlCN2Q4UFE1eEc3dEh1aFdfOTJyeUtGVGpkNW5LSExRdlZOcENpaFh6V21UVng3UlBWZw?oc=5\" target=\"_blank\" rel=\"nofollow noopener\">Apr\u00e8s sa victoire face \u00e0 l&rsquo;Australie, la France assur\u00e9e d&rsquo;\u00eatre t\u00eate de s\u00e9rie \u00e0 la Coupe du monde 2027<\/a>&nbsp;&nbsp;Eurosport<\/li>\n<\/ol>\n","protected":false},"excerpt":{"rendered":"Les Bleus sur leur fin&nbsp;&nbsp;Rugbyrama La France s&rsquo;impose face \u00e0 l&rsquo;Australie et termine sa tourn\u00e9e sur une note&hellip;\n","protected":false},"author":2,"featured_media":395849,"comment_status":"","ping_status":"","sticky":false,"template":"","format":"standard","meta":{"footnotes":""},"categories":[2],"tags":[11,1011,27,12,25],"class_list":{"0":"post-552419","1":"post","2":"type-post","3":"status-publish","4":"format-standard","5":"has-post-thumbnail","7":"category-actualites","8":"tag-actualites","9":"tag-fr","10":"tag-france","11":"tag-news","12":"tag-republique-francaise"},"share_on_mastodon":{"url":"https:\/\/pubeurope.com\/@fr\/115596385512732371","error":""},"_links":{"self":[{"href":"https:\/\/www.europesays.com\/fr\/wp-json\/wp\/v2\/posts\/552419","targetHints":{"allow":["GET"]}}],"collection":[{"href":"https:\/\/www.europesays.com\/fr\/wp-json\/wp\/v2\/posts"}],"about":[{"href":"https:\/\/www.europesays.com\/fr\/wp-json\/wp\/v2\/types\/post"}],"author":[{"embeddable":true,"href":"https:\/\/www.europesays.com\/fr\/wp-json\/wp\/v2\/users\/2"}],"replies":[{"embeddable":true,"href":"https:\/\/www.europesays.com\/fr\/wp-json\/wp\/v2\/comments?post=552419"}],"version-history":[{"count":0,"href":"https:\/\/www.europesays.com\/fr\/wp-json\/wp\/v2\/posts\/552419\/revisions"}],"wp:featuredmedia":[{"embeddable":true,"href":"https:\/\/www.europesays.com\/fr\/wp-json\/wp\/v2\/media\/395849"}],"wp:attachment":[{"href":"https:\/\/www.europesays.com\/fr\/wp-json\/wp\/v2\/media?parent=552419"}],"wp:term":[{"taxonomy":"category","embeddable":true,"href":"https:\/\/www.europesays.com\/fr\/wp-json\/wp\/v2\/categories?post=552419"},{"taxonomy":"post_tag","embeddable":true,"href":"https:\/\/www.europesays.com\/fr\/wp-json\/wp\/v2\/tags?post=552419"}],"curies":[{"name":"wp","href":"https:\/\/api.w.org\/{rel}","templated":true}]}}